{"id":54137,"date":"2024-08-26T01:06:00","date_gmt":"2024-08-26T04:06:00","guid":{"rendered":"https:\/\/panoramadelsur.com.ar\/?p=54137"},"modified":"2024-08-25T17:08:15","modified_gmt":"2024-08-25T20:08:15","slug":"comenzaron-las-auditorias-del-100-de-las-pensiones-no-contributivas-por-invalidez-laboral","status":"publish","type":"post","link":"https:\/\/panoramadelsur.com.ar\/?p=54137","title":{"rendered":"COMENZARON LAS AUDITOR\u00cdAS DEL 100% DE LAS PENSIONES NO CONTRIBUTIVAS POR INVALIDEZ LABORAL"},"content":{"rendered":"\n<p>La Direcci\u00f3n Nacional de Apoyos y Asignaciones Econ\u00f3micas de la ANDIS comenz\u00f3 a auditar el 100% de las Pensiones No contributivas por Invalidez Laboral,\u00a0ya que se detectaron una serie de irregularidades en los primeros relevamientos y auditor\u00edas realizados por la Agencia Nacional de Discapacidad.<\/p>\n\n\n\n<p>El director ejecutivo de la ANDIS, Dr. Diego Spagnuolo, a trav\u00e9s de su cuenta de X mencion\u00f3:\u00a0<em>\u201cCon estas auditor\u00edas, buscamos dar transparencia al sistema de pensiones no contributivas por invalidez laboral para que las mantengan y reciban quienes realmente lo necesiten y est\u00e9n avalados por la ley\u201d.<\/em><\/p>\n\n\n\n<p>Adem\u00e1s,\u00a0el funcionario aclar\u00f3 que el objetivo es que no se quite ning\u00fan beneficio a quien verdaderamente le corresponda, sino solamente a aquellas personas a las que le fueron otorgadas de manera fraudulenta durante las \u00faltimas gestiones, las cuales, del 2003 hasta la actualidad, pasaron de 80.000 a un poco m\u00e1s de 1.2 millones en todo el pa\u00eds.<\/p>\n\n\n\n<p>Por otro lado,\u00a0Spagnuolo coment\u00f3:\u00a0\u201cTodo este inmenso trabajo lo hacemos, no solo para reordenar el sistema de pensiones por invalidez laboral, sino para que, adem\u00e1s, rindan cuentas en el \u00e1mbito que corresponda,\u00a0todos aquellos funcionarios y profesionales que hayan formado parte del otorgamiento indiscriminado e irregular de estas pensiones, en perjuicio del Estado Nacional y de quienes son, en definitiva, los verdaderos destinatarios de este beneficio\u201d.<\/p>\n\n\n\n<p>Asimismo,\u00a0el primer muestreo realizado durante este a\u00f1o, arroj\u00f3 que, de una muestra piloto de 2.559 casos, solo el 7%\u00a0de las pensiones no contributivas por invalidez laboral cumpl\u00edan realmente con los requisitos establecidos para su otorgamiento.<\/p>\n\n\n\n<p>Por \u00faltimo, el director ejecutivo de la ANDIS finaliz\u00f3 diciendo:\u00a0\u201cEl gobierno del Presidente Milei vino para hacer los cambios que nadie se anim\u00f3 a hacer\u201d.<\/p>\n","protected":false},"excerpt":{"rendered":"<p>La Direcci\u00f3n<\/p>\n","protected":false},"author":1,"featured_media":54138,"comment_status":"closed","ping_status":"closed","sticky":false,"template":"","format":"standard","meta":{"footnotes":""},"categories":[4],"tags":[59],"class_list":["post-54137","post","type-post","status-publish","format-standard","has-post-thumbnail","hentry","category-nacionales","tag-nacionales"],"_links":{"self":[{"href":"https:\/\/panoramadelsur.com.ar\/index.php?rest_route=\/wp\/v2\/posts\/54137","targetHints":{"allow":["GET"]}}],"collection":[{"href":"https:\/\/panoramadelsur.com.ar\/index.php?rest_route=\/wp\/v2\/posts"}],"about":[{"href":"https:\/\/panoramadelsur.com.ar\/index.php?rest_route=\/wp\/v2\/types\/post"}],"author":[{"embeddable":true,"href":"https:\/\/panoramadelsur.com.ar\/index.php?rest_route=\/wp\/v2\/users\/1"}],"replies":[{"embeddable":true,"href":"https:\/\/panoramadelsur.com.ar\/index.php?rest_route=%2Fwp%2Fv2%2Fcomments&post=54137"}],"version-history":[{"count":1,"href":"https:\/\/panoramadelsur.com.ar\/index.php?rest_route=\/wp\/v2\/posts\/54137\/revisions"}],"predecessor-version":[{"id":54139,"href":"https:\/\/panoramadelsur.com.ar\/index.php?rest_route=\/wp\/v2\/posts\/54137\/revisions\/54139"}],"wp:featuredmedia":[{"embeddable":true,"href":"https:\/\/panoramadelsur.com.ar\/index.php?rest_route=\/wp\/v2\/media\/54138"}],"wp:attachment":[{"href":"https:\/\/panoramadelsur.com.ar\/index.php?rest_route=%2Fwp%2Fv2%2Fmedia&parent=54137"}],"wp:term":[{"taxonomy":"category","embeddable":true,"href":"https:\/\/panoramadelsur.com.ar\/index.php?rest_route=%2Fwp%2Fv2%2Fcategories&post=54137"},{"taxonomy":"post_tag","embeddable":true,"href":"https:\/\/panoramadelsur.com.ar\/index.php?rest_route=%2Fwp%2Fv2%2Ftags&post=54137"}],"curies":[{"name":"wp","href":"https:\/\/api.w.org\/{rel}","templated":true}]}}