{"id":54155,"date":"2024-08-26T01:02:00","date_gmt":"2024-08-26T04:02:00","guid":{"rendered":"https:\/\/panoramadelsur.com.ar\/?p=54155"},"modified":"2024-08-25T17:45:49","modified_gmt":"2024-08-25T20:45:49","slug":"todo-lo-que-hay-que-saber-para-acceder-al-certificado-unico-de-discapacidad-sin-vencimiento","status":"publish","type":"post","link":"https:\/\/panoramadelsur.com.ar\/?p=54155","title":{"rendered":"TODO LO QUE HAY QUE SABER PARA ACCEDER AL CERTIFICADO \u00daNICO DE DISCAPACIDAD SIN VENCIMIENTO"},"content":{"rendered":"\n<p class=\"wp-block-paragraph\">Seg\u00fan una nueva resoluci\u00f3n de la Agencia Nacional de Discapacidad, hay Certificados \u00danico de Discapacidad (CUD) que, de cumplir con ciertos criterios, incluir\u00e1n a partir de ahora la leyenda \u00abSin Vencimiento conforme a la Ley 27.711\u00bb, lo que permitir\u00e1 que algunas personas no necesiten renovar su CUD a menos que lo requieran.<\/p>\n\n\n\n<p class=\"wp-block-paragraph\">\u00bfCu\u00e1les son los criterios para la emisi\u00f3n del CUD sin vencimiento?<\/p>\n\n\n\n<p class=\"wp-block-paragraph\">1- Renovaciones previas: Personas con dos certificados de discapacidad previos cuyo perfil de funcionamiento e impacto en la vida cotidiana se mantenga constante a lo largo del tiempo.<\/p>\n\n\n\n<p class=\"wp-block-paragraph\">2- Persona mayor: Personas mayores de 60 a\u00f1os que hayan mantenido sus estructuras y funciones corporales en condiciones constantes durante al menos 5 a\u00f1os.<\/p>\n\n\n\n<p class=\"wp-block-paragraph\">3- Necesidad de equipamiento permanente: Personas que requieran de equipamiento y\/o dispositivos de uso permanente para preservar las funciones vitales.<\/p>\n\n\n\n<p class=\"wp-block-paragraph\">\u00bfEn qu\u00e9 circunstancias podr\u00e1 requerirse la actualizaci\u00f3n de ese CUD sin vencimiento?<\/p>\n\n\n\n<p class=\"wp-block-paragraph\">Se podr\u00e1 pedir la actualizaci\u00f3n del CUD cuando se produzca un cambio en el perfil de funcionamiento de la persona con discapacidad que impida su participaci\u00f3n plena y efectiva en la sociedad en igualdad de condiciones con las dem\u00e1s.<\/p>\n","protected":false},"excerpt":{"rendered":"<p>Seg\u00fan una<\/p>\n","protected":false},"author":1,"featured_media":54156,"comment_status":"closed","ping_status":"closed","sticky":false,"template":"","format":"standard","meta":{"footnotes":""},"categories":[1],"tags":[],"class_list":["post-54155","post","type-post","status-publish","format-standard","has-post-thumbnail","hentry","category-destacados"],"_links":{"self":[{"href":"https:\/\/panoramadelsur.com.ar\/index.php?rest_route=\/wp\/v2\/posts\/54155","targetHints":{"allow":["GET"]}}],"collection":[{"href":"https:\/\/panoramadelsur.com.ar\/index.php?rest_route=\/wp\/v2\/posts"}],"about":[{"href":"https:\/\/panoramadelsur.com.ar\/index.php?rest_route=\/wp\/v2\/types\/post"}],"author":[{"embeddable":true,"href":"https:\/\/panoramadelsur.com.ar\/index.php?rest_route=\/wp\/v2\/users\/1"}],"replies":[{"embeddable":true,"href":"https:\/\/panoramadelsur.com.ar\/index.php?rest_route=%2Fwp%2Fv2%2Fcomments&post=54155"}],"version-history":[{"count":1,"href":"https:\/\/panoramadelsur.com.ar\/index.php?rest_route=\/wp\/v2\/posts\/54155\/revisions"}],"predecessor-version":[{"id":54157,"href":"https:\/\/panoramadelsur.com.ar\/index.php?rest_route=\/wp\/v2\/posts\/54155\/revisions\/54157"}],"wp:featuredmedia":[{"embeddable":true,"href":"https:\/\/panoramadelsur.com.ar\/index.php?rest_route=\/wp\/v2\/media\/54156"}],"wp:attachment":[{"href":"https:\/\/panoramadelsur.com.ar\/index.php?rest_route=%2Fwp%2Fv2%2Fmedia&parent=54155"}],"wp:term":[{"taxonomy":"category","embeddable":true,"href":"https:\/\/panoramadelsur.com.ar\/index.php?rest_route=%2Fwp%2Fv2%2Fcategories&post=54155"},{"taxonomy":"post_tag","embeddable":true,"href":"https:\/\/panoramadelsur.com.ar\/index.php?rest_route=%2Fwp%2Fv2%2Ftags&post=54155"}],"curies":[{"name":"wp","href":"https:\/\/api.w.org\/{rel}","templated":true}]}}