{"id":54158,"date":"2024-08-26T01:05:00","date_gmt":"2024-08-26T04:05:00","guid":{"rendered":"https:\/\/panoramadelsur.com.ar\/?p=54158"},"modified":"2024-08-25T17:58:11","modified_gmt":"2024-08-25T20:58:11","slug":"productividad-bajo-la-lupa-de-la-ia","status":"publish","type":"post","link":"https:\/\/panoramadelsur.com.ar\/?p=54158","title":{"rendered":"PRODUCTIVIDAD BAJO LA LUPA DE LA IA"},"content":{"rendered":"\n<p><strong><em>Por Joan Cwaik (*)<\/em><\/strong><\/p>\n\n\n\n<p>Cada vez m\u00e1s, la IA se mete en nuestras vidas de maneras que hace unos a\u00f1os nos hubieran parecido ciencia ficci\u00f3n. Las aplicaciones como Read.AI son un claro ejemplo. Para aquellos que no est\u00e9n familiarizados, estas plataformas se insertan en las reuniones virtuales para medir el grado de atenci\u00f3n de las personas presentes, armando reportes sobre la productividad de la reuni\u00f3n. B\u00e1sicamente hay un tercer ojo que no para de observar.<\/p>\n\n\n\n<p>Es simple: \u00bfpor qu\u00e9 no aprovechar la IA para medir la productividad de nuestras reuniones? Pero detr\u00e1s de esta simplicidad, hay preguntas profundas que debemos hacernos. \u00bfQu\u00e9 tan positivo es que una m\u00e1quina est\u00e9 juzgando nuestro nivel de atenci\u00f3n utilizando variables extremadamente anal\u00edticas? \u00bfQu\u00e9 pasar\u00e1 cuando los algoritmos definan si prest\u00e9 suficiente atenci\u00f3n en una reuni\u00f3n?<\/p>\n\n\n\n<p>En lo personal, no puedo evitar sentir una incomodidad cada vez que estoy en una reuni\u00f3n y s\u00e9 que una app est\u00e1 tomando nota de mis movimientos, midiendo cada momento en que desv\u00edo la mirada o cambio de postura. Es como si el Gran Hermano de Orwell hubiera evolucionado, pero en lugar de vigilar nuestras ideas pol\u00edticas, est\u00e1 atento a cu\u00e1nto \u201crendimos\u201d en nuestro d\u00eda a d\u00eda.<\/p>\n\n\n\n<p>Esto no les gusta a los autoritarios<\/p>\n\n\n\n<p>El ejercicio del periodismo profesional y cr\u00edtico es un pilar fundamental de la democracia. Por eso molesta a quienes creen ser los due\u00f1os de la verdad.<\/p>\n\n\n\n<p>Este tipo de herramientas despierta una serie de preguntas. \u00bfNos estamos volviendo demasiado obsesivos con el control y la medici\u00f3n del todo? Desde las aplicaciones que transcriben mensajes de voz a texto hasta las que nos indican cu\u00e1n \u201cproductivos\u201d somos en una videollamada, la IA est\u00e1 entrando en todos los aspectos de nuestras vidas. Y no siempre de manera benigna.<\/p>\n\n\n\n<p>Byung-Chul Han, en su libro La sociedad del cansancio, explica c\u00f3mo la sociedad contempor\u00e1nea ha desarrollado una obsesi\u00f3n por la eficiencia y el rendimiento constante. Este tipo de aplicaciones parecen ser la cristalizaci\u00f3n de esa obsesi\u00f3n. En lugar de permitirnos un espacio para la reflexi\u00f3n y el pensamiento profundo, nos empujan hacia una te\u00f3rica productividad extrema.<\/p>\n\n\n\n<p>Es un dilema que me hace pensar en una reuni\u00f3n que tuve hace poco. Mientras intentaba concentrarme en la conversaci\u00f3n, no pod\u00eda evitar preguntarme si la aplicaci\u00f3n que estaba en segundo plano estaba registrando cu\u00e1ntas veces miraba mi celular o si, por un momento, dejaba de mirar la pantalla. No es solo la invasi\u00f3n de la privacidad, sino la sensaci\u00f3n de estar siendo constantemente evaluado por un software. Es un juicio fr\u00edo, distante, que no tiene en cuenta las sutilezas de la vida humana.<\/p>\n\n\n\n<p>Quiz\u00e1s esta b\u00fasqueda incansable de optimizaci\u00f3n nos est\u00e1 llevando a un punto en el que dejamos de ser humanos para convertirnos en n\u00fameros en un informe automatizado. Lo que se mide se manipula. Y eso me deja pensando: \u00bfhasta qu\u00e9 punto queremos ser manipulados por las m\u00e9tricas que nos imponen estas tecnolog\u00edas?<\/p>\n\n\n\n<p>Tal vez la soluci\u00f3n no sea rechazar la IA, sino usarla de manera m\u00e1s consciente y reflexiva. Preguntarnos si realmente necesitamos que nos midan todo el tiempo. A veces, la respuesta puede ser simplemente desconectar, dejar de lado las m\u00e9tricas y permitirnos el lujo de estar presentes sin ser juzgados.<\/p>\n\n\n\n<p>Al final del d\u00eda, no quiero que una m\u00e1quina decida si fui lo suficientemente productivo en una reuni\u00f3n. Quiero que mis ideas y mis interacciones humanas sean lo que realmente cuente. Y lo que s\u00ed, la pr\u00f3xima vez que tenga una call, tal vez me asegure de leer los t\u00e9rminos y condiciones antes de aceptar que una IA est\u00e9 ah\u00ed, juzg\u00e1ndome en silencio.<\/p>\n\n\n\n<p><strong><em>(*) Autor y divulgador. Especialista en tecnolog\u00edas emergentes.<\/em><\/strong><\/p>\n","protected":false},"excerpt":{"rendered":"<p>Por Joan<\/p>\n","protected":false},"author":1,"featured_media":54159,"comment_status":"closed","ping_status":"closed","sticky":false,"template":"","format":"standard","meta":{"footnotes":""},"categories":[7],"tags":[],"class_list":["post-54158","post","type-post","status-publish","format-standard","has-post-thumbnail","hentry","category-opinion"],"_links":{"self":[{"href":"https:\/\/panoramadelsur.com.ar\/index.php?rest_route=\/wp\/v2\/posts\/54158","targetHints":{"allow":["GET"]}}],"collection":[{"href":"https:\/\/panoramadelsur.com.ar\/index.php?rest_route=\/wp\/v2\/posts"}],"about":[{"href":"https:\/\/panoramadelsur.com.ar\/index.php?rest_route=\/wp\/v2\/types\/post"}],"author":[{"embeddable":true,"href":"https:\/\/panoramadelsur.com.ar\/index.php?rest_route=\/wp\/v2\/users\/1"}],"replies":[{"embeddable":true,"href":"https:\/\/panoramadelsur.com.ar\/index.php?rest_route=%2Fwp%2Fv2%2Fcomments&post=54158"}],"version-history":[{"count":1,"href":"https:\/\/panoramadelsur.com.ar\/index.php?rest_route=\/wp\/v2\/posts\/54158\/revisions"}],"predecessor-version":[{"id":54160,"href":"https:\/\/panoramadelsur.com.ar\/index.php?rest_route=\/wp\/v2\/posts\/54158\/revisions\/54160"}],"wp:featuredmedia":[{"embeddable":true,"href":"https:\/\/panoramadelsur.com.ar\/index.php?rest_route=\/wp\/v2\/media\/54159"}],"wp:attachment":[{"href":"https:\/\/panoramadelsur.com.ar\/index.php?rest_route=%2Fwp%2Fv2%2Fmedia&parent=54158"}],"wp:term":[{"taxonomy":"category","embeddable":true,"href":"https:\/\/panoramadelsur.com.ar\/index.php?rest_route=%2Fwp%2Fv2%2Fcategories&post=54158"},{"taxonomy":"post_tag","embeddable":true,"href":"https:\/\/panoramadelsur.com.ar\/index.php?rest_route=%2Fwp%2Fv2%2Ftags&post=54158"}],"curies":[{"name":"wp","href":"https:\/\/api.w.org\/{rel}","templated":true}]}}