{"id":54164,"date":"2024-08-26T01:05:00","date_gmt":"2024-08-26T04:05:00","guid":{"rendered":"https:\/\/panoramadelsur.com.ar\/?p=54164"},"modified":"2024-08-25T18:15:29","modified_gmt":"2024-08-25T21:15:29","slug":"un-policia-mato-a-un-ladron-que-intento-robarle-el-auto","status":"publish","type":"post","link":"https:\/\/panoramadelsur.com.ar\/?p=54164","title":{"rendered":"UN POLIC\u00cdA MAT\u00d3 A UN LADR\u00d3N QUE INTENT\u00d3 ROBARLE EL AUTO"},"content":{"rendered":"\n<p>Un oficial ayudante de la Polic\u00eda Bonaerense&nbsp;se tirote\u00f3 con tres delincuentes que intentaron&nbsp;robarle el auto.&nbsp;El oficial&nbsp;mat\u00f3 a uno de los asaltantes e hiri\u00f3 a otro.&nbsp;El tercer c\u00f3mplice escap\u00f3 y est\u00e1 pr\u00f3fugo.<\/p>\n\n\n\n<p>El violento episodio ocurri\u00f3 durante la noche del viernes en el cruce de la avenida Triunvirato y O\u2019Higgins, en la localidad bonaerense de&nbsp;Quilmes&nbsp;Oeste. Seg\u00fan precisaron los investigadores, el polic\u00eda circulaba en su auto cuando fue interceptado por los ladrones.<\/p>\n\n\n\n<p>Los delincuentes comenzaron a amenazarlo e intentaban llevarse el veh\u00edculo. Sin embargo, el efectivo, que se desempe\u00f1a en el Comando Patrulla de la zona,&nbsp;se resisti\u00f3 y comenz\u00f3 a dispararles.<\/p>\n\n\n\n<p>En medio del enfrentamiento, uno de los asaltantes&nbsp;cay\u00f3 muerto en el lugar,&nbsp;mientras que otro sufri\u00f3 el roce de una bala y tuvo que ser trasladado al Hospital Zonal General de Agudos Doctor Isidoro Iriarte para ser asistido por personal m\u00e9dico.<\/p>\n\n\n\n<p>Minutos despu\u00e9s, miembros de la Prefectura Naval Argentina fueron convocados por las autoridades de la Justicia para llevar adelante tareas de investigaci\u00f3n en el lugar donde ocurri\u00f3 el intento de robo. Los peritos de la Polic\u00eda Cient\u00edfica de la Provincia de Buenos Aires se encargaron de trasladar el cuerpo del ladr\u00f3n a la morgue judicial.<\/p>\n\n\n\n<p>Efectivos de la Comisar\u00eda 3\u00b0 de Quilmes le tomaron declaraci\u00f3n a los vecinos que presenciaron el hecho y se encuentran analizando las c\u00e1maras de seguridad de la zona para intentar dar con el tercer delincuente que se cree que logr\u00f3 escapar ileso. En la causa interviene el fiscal Jorge Saizar, titular de la Unidad Funcional N\u00b0 5 de los tribunales de Quilmes.<\/p>\n","protected":false},"excerpt":{"rendered":"<p>Un oficial<\/p>\n","protected":false},"author":1,"featured_media":54165,"comment_status":"closed","ping_status":"closed","sticky":false,"template":"","format":"standard","meta":{"footnotes":""},"categories":[2],"tags":[17],"class_list":["post-54164","post","type-post","status-publish","format-standard","has-post-thumbnail","hentry","category-quilmes","tag-quilmes"],"_links":{"self":[{"href":"https:\/\/panoramadelsur.com.ar\/index.php?rest_route=\/wp\/v2\/posts\/54164","targetHints":{"allow":["GET"]}}],"collection":[{"href":"https:\/\/panoramadelsur.com.ar\/index.php?rest_route=\/wp\/v2\/posts"}],"about":[{"href":"https:\/\/panoramadelsur.com.ar\/index.php?rest_route=\/wp\/v2\/types\/post"}],"author":[{"embeddable":true,"href":"https:\/\/panoramadelsur.com.ar\/index.php?rest_route=\/wp\/v2\/users\/1"}],"replies":[{"embeddable":true,"href":"https:\/\/panoramadelsur.com.ar\/index.php?rest_route=%2Fwp%2Fv2%2Fcomments&post=54164"}],"version-history":[{"count":1,"href":"https:\/\/panoramadelsur.com.ar\/index.php?rest_route=\/wp\/v2\/posts\/54164\/revisions"}],"predecessor-version":[{"id":54166,"href":"https:\/\/panoramadelsur.com.ar\/index.php?rest_route=\/wp\/v2\/posts\/54164\/revisions\/54166"}],"wp:featuredmedia":[{"embeddable":true,"href":"https:\/\/panoramadelsur.com.ar\/index.php?rest_route=\/wp\/v2\/media\/54165"}],"wp:attachment":[{"href":"https:\/\/panoramadelsur.com.ar\/index.php?rest_route=%2Fwp%2Fv2%2Fmedia&parent=54164"}],"wp:term":[{"taxonomy":"category","embeddable":true,"href":"https:\/\/panoramadelsur.com.ar\/index.php?rest_route=%2Fwp%2Fv2%2Fcategories&post=54164"},{"taxonomy":"post_tag","embeddable":true,"href":"https:\/\/panoramadelsur.com.ar\/index.php?rest_route=%2Fwp%2Fv2%2Ftags&post=54164"}],"curies":[{"name":"wp","href":"https:\/\/api.w.org\/{rel}","templated":true}]}}