{"id":54170,"date":"2024-08-26T01:07:00","date_gmt":"2024-08-26T04:07:00","guid":{"rendered":"https:\/\/panoramadelsur.com.ar\/?p=54170"},"modified":"2024-08-25T18:18:37","modified_gmt":"2024-08-25T21:18:37","slug":"motociclista-herido-durante-un-intento-de-robo-en-quilmes-oeste","status":"publish","type":"post","link":"https:\/\/panoramadelsur.com.ar\/?p=54170","title":{"rendered":"MOTOCICLISTA HERIDO DURANTE UN INTENTO DE ROBO EN QUILMES OESTE"},"content":{"rendered":"\n<p>Un hombre result\u00f3 herido de bala en un violento asalto ocurrido en la tarde del domingo en Quilmes Oeste.<\/p>\n\n\n\n<p>El hecho tuvo lugar en la intersecci\u00f3n de las calles Urquiza e Irala, cuando la v\u00edctima, que se desplazaba en una moto Honda Wave, fue abordada por dos motochorros a bordo de una Honda Tornado de color blanco.<\/p>\n\n\n\n<p>Seg\u00fan testigos, los delincuentes intentaron robarle la motocicleta, pero ante la aparente resistencia de la v\u00edctima, uno de los asaltantes le dispar\u00f3 en la cintura.<\/p>\n\n\n\n<p>Tras el ataque, los agresores huyeron del lugar, mientras que el hombre fue asistido r\u00e1pidamente por vecinos que alertaron a las autoridades.<\/p>\n\n\n\n<p>Una ambulancia del SAME traslad\u00f3 al herido al Hospital de Quilmes, donde qued\u00f3 internado en condici\u00f3n estable.<\/p>\n\n\n\n<p>La polic\u00eda local ya se encuentra investigando el hecho y busca intensamente a los responsables del ataque, quienes a\u00fan se encuentran pr\u00f3fugos.<\/p>\n\n\n\n<p>Se solicita a cualquier persona con informaci\u00f3n que se comunique con las autoridades.<\/p>\n\n\n\n<p><strong><em>Fuente: La Noticia de Quilmes<\/em><\/strong><\/p>\n","protected":false},"excerpt":{"rendered":"<p>Un hombre<\/p>\n","protected":false},"author":1,"featured_media":54171,"comment_status":"closed","ping_status":"closed","sticky":false,"template":"","format":"standard","meta":{"footnotes":""},"categories":[2],"tags":[17],"class_list":["post-54170","post","type-post","status-publish","format-standard","has-post-thumbnail","hentry","category-quilmes","tag-quilmes"],"_links":{"self":[{"href":"https:\/\/panoramadelsur.com.ar\/index.php?rest_route=\/wp\/v2\/posts\/54170","targetHints":{"allow":["GET"]}}],"collection":[{"href":"https:\/\/panoramadelsur.com.ar\/index.php?rest_route=\/wp\/v2\/posts"}],"about":[{"href":"https:\/\/panoramadelsur.com.ar\/index.php?rest_route=\/wp\/v2\/types\/post"}],"author":[{"embeddable":true,"href":"https:\/\/panoramadelsur.com.ar\/index.php?rest_route=\/wp\/v2\/users\/1"}],"replies":[{"embeddable":true,"href":"https:\/\/panoramadelsur.com.ar\/index.php?rest_route=%2Fwp%2Fv2%2Fcomments&post=54170"}],"version-history":[{"count":1,"href":"https:\/\/panoramadelsur.com.ar\/index.php?rest_route=\/wp\/v2\/posts\/54170\/revisions"}],"predecessor-version":[{"id":54172,"href":"https:\/\/panoramadelsur.com.ar\/index.php?rest_route=\/wp\/v2\/posts\/54170\/revisions\/54172"}],"wp:featuredmedia":[{"embeddable":true,"href":"https:\/\/panoramadelsur.com.ar\/index.php?rest_route=\/wp\/v2\/media\/54171"}],"wp:attachment":[{"href":"https:\/\/panoramadelsur.com.ar\/index.php?rest_route=%2Fwp%2Fv2%2Fmedia&parent=54170"}],"wp:term":[{"taxonomy":"category","embeddable":true,"href":"https:\/\/panoramadelsur.com.ar\/index.php?rest_route=%2Fwp%2Fv2%2Fcategories&post=54170"},{"taxonomy":"post_tag","embeddable":true,"href":"https:\/\/panoramadelsur.com.ar\/index.php?rest_route=%2Fwp%2Fv2%2Ftags&post=54170"}],"curies":[{"name":"wp","href":"https:\/\/api.w.org\/{rel}","templated":true}]}}