{"id":54198,"date":"2024-08-27T01:02:00","date_gmt":"2024-08-27T04:02:00","guid":{"rendered":"https:\/\/panoramadelsur.com.ar\/?p=54198"},"modified":"2024-08-26T19:53:33","modified_gmt":"2024-08-26T22:53:33","slug":"la-uta-se-declaro-en-estado-de-alerta-por-el-abandono-a-los-trabajadores","status":"publish","type":"post","link":"https:\/\/panoramadelsur.com.ar\/?p=54198","title":{"rendered":"LA UTA SE DECLAR\u00d3 EN ESTADO DE ALERTA POR EL \u00abABANDONO\u00bb A LOS TRABAJADORES"},"content":{"rendered":"\n<p>Los choferes de colectivos, nucleados en la Uni\u00f3n Tranviarios Automotor, se declararon en \u201cestado de incertidumbre y alerta\u201d, por lo que consideran un \u201cabandono\u201d por parte de las autoridades gubernamentales a los trabajadores.<\/p>\n\n\n\n<p>\u201cEn l\u00ednea con comunicaciones anteriores, una vez m\u00e1s, los trabajadores de la actividad de transporte colectivo de pasajeros, estamos en estado de incertidumbre y alerta, ya que una vez m\u00e1s vemos el abandono por parte de las autoridades nacionales, provinciales y locales (desde el Presidente a Gobernadores e Intendentes), a los trabajadores a su suerte\u201d.<\/p>\n\n\n\n<p>Aducen que \u201clos trabajadores del colectivo no inventamos el sistema de subsidios (fue el Estado), ni sus justas o arbitrarias distribuciones, beneficiando a algunos grupos concentrados y perjudicando a otros por montos millonarios. Lo decimos y reiteramos, los trabajadores del colectivo somos v\u00edctimas del sistema de subsidios, y es inhumano jugar con nuestra tranquilidad, sin saber si el 4to. d\u00eda h\u00e1bil vamos a cobrar nuestro salario, porque tal o cual no transfiri\u00f3 una compensaci\u00f3n, un subsidio, o como lo quieran denominar, o si no hay aumento de tarifas (en perjuicio de p\u00fablico usuario)\u201d.<\/p>\n\n\n\n<p>Remarcan que \u201cel salario es la contraprestaci\u00f3n del trabajo, nosotros trabajamos, llueva, truene, feriados, y tenemos derecho a percibir nuestro salario, porque es la contraprestaci\u00f3n por nuestro d\u00e9bito laboral, un salario bien ganado\u201d.<\/p>\n\n\n\n<p>Y reclaman que \u201carreglen sus cuentas\u201d entre ellos, porque \u201clos trabajadores tenemos que tener la certeza que el 4to. d\u00eda h\u00e1bil vamos a cobrar nuestros haberes, es un derecho, amparado por la ley\u201d.<\/p>\n\n\n\n<p>Finalizan expresando que est\u00e1n \u201ccansados de ser las v\u00edctimas de un sistema perverso, poco transparente. Por lo que estamos en estado de alerta, ante las posibles ca\u00eddas de servicios. Cuando los trabajadores agotan su paciencia, hacen trinar el escarmiento\u201d.<\/p>\n","protected":false},"excerpt":{"rendered":"<p>Los choferes<\/p>\n","protected":false},"author":1,"featured_media":54199,"comment_status":"closed","ping_status":"closed","sticky":false,"template":"","format":"standard","meta":{"footnotes":""},"categories":[10,4],"tags":[59],"class_list":["post-54198","post","type-post","status-publish","format-standard","has-post-thumbnail","hentry","category-mas-noticias","category-nacionales","tag-nacionales"],"_links":{"self":[{"href":"https:\/\/panoramadelsur.com.ar\/index.php?rest_route=\/wp\/v2\/posts\/54198","targetHints":{"allow":["GET"]}}],"collection":[{"href":"https:\/\/panoramadelsur.com.ar\/index.php?rest_route=\/wp\/v2\/posts"}],"about":[{"href":"https:\/\/panoramadelsur.com.ar\/index.php?rest_route=\/wp\/v2\/types\/post"}],"author":[{"embeddable":true,"href":"https:\/\/panoramadelsur.com.ar\/index.php?rest_route=\/wp\/v2\/users\/1"}],"replies":[{"embeddable":true,"href":"https:\/\/panoramadelsur.com.ar\/index.php?rest_route=%2Fwp%2Fv2%2Fcomments&post=54198"}],"version-history":[{"count":1,"href":"https:\/\/panoramadelsur.com.ar\/index.php?rest_route=\/wp\/v2\/posts\/54198\/revisions"}],"predecessor-version":[{"id":54200,"href":"https:\/\/panoramadelsur.com.ar\/index.php?rest_route=\/wp\/v2\/posts\/54198\/revisions\/54200"}],"wp:featuredmedia":[{"embeddable":true,"href":"https:\/\/panoramadelsur.com.ar\/index.php?rest_route=\/wp\/v2\/media\/54199"}],"wp:attachment":[{"href":"https:\/\/panoramadelsur.com.ar\/index.php?rest_route=%2Fwp%2Fv2%2Fmedia&parent=54198"}],"wp:term":[{"taxonomy":"category","embeddable":true,"href":"https:\/\/panoramadelsur.com.ar\/index.php?rest_route=%2Fwp%2Fv2%2Fcategories&post=54198"},{"taxonomy":"post_tag","embeddable":true,"href":"https:\/\/panoramadelsur.com.ar\/index.php?rest_route=%2Fwp%2Fv2%2Ftags&post=54198"}],"curies":[{"name":"wp","href":"https:\/\/api.w.org\/{rel}","templated":true}]}}