{"id":54471,"date":"2024-09-23T01:08:00","date_gmt":"2024-09-23T04:08:00","guid":{"rendered":"https:\/\/panoramadelsur.com.ar\/?p=54471"},"modified":"2024-09-22T20:00:46","modified_gmt":"2024-09-22T23:00:46","slug":"mas-equipamiento-para-comedores-escolares","status":"publish","type":"post","link":"https:\/\/panoramadelsur.com.ar\/?p=54471","title":{"rendered":"M\u00c1S EQUIPAMIENTO PARA COMEDORES ESCOLARES"},"content":{"rendered":"\n<p>El Ministerio de Desarrollo de la Comunidad avanza con la inversi\u00f3n en equipamiento para comedores de establecimientos educativos de la provincia, que forman parte del Servicio Alimentario Escolar (SAE).<\/p>\n\n\n\n<p>La semana pasada, los distritos de Mor\u00f3n, General Lavalle, General Paz recibieron a funcionarios de la cartera que conduce el ministro Andr\u00e9s Larroque, que llevaron adelante la entrega de distintos elementos para optimizar las prestaciones del SAE.<\/p>\n\n\n\n<p>En ese marco, la subsecretaria de Politicas Sociales Bernarda Meglia y el director del SAE, Juan Sorrentino, visitaron Mor\u00f3n, y junto al intendente Lucas Ghi concretaron la entrega de equipamiento para 38 escuelas. En ese distrito hay 159 establecimientos que trabajan articuladamente con el Ministerio, con 39.955 ni\u00f1os, ni\u00f1as y adolescentes destinatarios del SAE y 34.376 del MESA.<\/p>\n\n\n\n<p>En General Lavalle, en tanto, con la participaci\u00f3n del director provincial de Seguridad y Soberania Alimentaria Bruno Bozzano, miembros del Consejo Escolar recibieron equipamiento para 11 establecimientos de la localidad. Actualmente hay 23 escuelas que est\u00e1n bajo las prestaciones del SAE con 2.463 destinatarios y 1.235 destinatarios del programa M\u00f3dulo Extraordinario para la Seguridad Alimentaria (MESA).<\/p>\n\n\n\n<p>Por otro lado, el municipio de General Paz, recibi\u00f3 equipamiento destinado a 11 escuelas, con la presencia de Sorrentino y la directora de Nutrici\u00f3n y Calidad de los Alimentos Luc\u00eda Cacciutto. En total son 49 los establecimientos educativos que est\u00e1n bajo las prestaciones del SAE, con 2.594 destinatarios del SAE y 1.755 del MESA.<\/p>\n\n\n\n<p>A trav\u00e9s del SAE y el MESA, que impactan en m\u00e1s de 2.400.000 de ni\u00f1os, ni\u00f1as y adolescentes en la Provincia, el Ministerio de Desarrollo de la Comunidad invierte m\u00e1s de $67.000 millones mensualmente, con el objetivo de mejorar las prestaciones alimentarias en los comedores escolares. En concepto de equipamiento, ya se han invertido m\u00e1s de 1.600 millones de pesos.<\/p>\n","protected":false},"excerpt":{"rendered":"<p>El Ministerio<\/p>\n","protected":false},"author":1,"featured_media":54472,"comment_status":"closed","ping_status":"closed","sticky":false,"template":"","format":"standard","meta":{"footnotes":""},"categories":[5],"tags":[28,27],"class_list":["post-54471","post","type-post","status-publish","format-standard","has-post-thumbnail","hentry","category-provincia","tag-gba","tag-provincia"],"_links":{"self":[{"href":"https:\/\/panoramadelsur.com.ar\/index.php?rest_route=\/wp\/v2\/posts\/54471","targetHints":{"allow":["GET"]}}],"collection":[{"href":"https:\/\/panoramadelsur.com.ar\/index.php?rest_route=\/wp\/v2\/posts"}],"about":[{"href":"https:\/\/panoramadelsur.com.ar\/index.php?rest_route=\/wp\/v2\/types\/post"}],"author":[{"embeddable":true,"href":"https:\/\/panoramadelsur.com.ar\/index.php?rest_route=\/wp\/v2\/users\/1"}],"replies":[{"embeddable":true,"href":"https:\/\/panoramadelsur.com.ar\/index.php?rest_route=%2Fwp%2Fv2%2Fcomments&post=54471"}],"version-history":[{"count":1,"href":"https:\/\/panoramadelsur.com.ar\/index.php?rest_route=\/wp\/v2\/posts\/54471\/revisions"}],"predecessor-version":[{"id":54473,"href":"https:\/\/panoramadelsur.com.ar\/index.php?rest_route=\/wp\/v2\/posts\/54471\/revisions\/54473"}],"wp:featuredmedia":[{"embeddable":true,"href":"https:\/\/panoramadelsur.com.ar\/index.php?rest_route=\/wp\/v2\/media\/54472"}],"wp:attachment":[{"href":"https:\/\/panoramadelsur.com.ar\/index.php?rest_route=%2Fwp%2Fv2%2Fmedia&parent=54471"}],"wp:term":[{"taxonomy":"category","embeddable":true,"href":"https:\/\/panoramadelsur.com.ar\/index.php?rest_route=%2Fwp%2Fv2%2Fcategories&post=54471"},{"taxonomy":"post_tag","embeddable":true,"href":"https:\/\/panoramadelsur.com.ar\/index.php?rest_route=%2Fwp%2Fv2%2Ftags&post=54471"}],"curies":[{"name":"wp","href":"https:\/\/api.w.org\/{rel}","templated":true}]}}