{"id":54483,"date":"2024-09-23T01:08:00","date_gmt":"2024-09-23T04:08:00","guid":{"rendered":"https:\/\/panoramadelsur.com.ar\/?p=54483"},"modified":"2024-09-22T17:28:25","modified_gmt":"2024-09-22T20:28:25","slug":"se-estan-construyendo-120-nuevas-viviendas-en-el-barrio-3-de-junio","status":"publish","type":"post","link":"https:\/\/panoramadelsur.com.ar\/?p=54483","title":{"rendered":"SE EST\u00c1N CONSTRUYENDO 120 NUEVAS VIVIENDAS EN EL BARRIO 3 DE JUNIO"},"content":{"rendered":"\n<p>Se encuentra en marcha la ejecuci\u00f3n de 120 viviendas en el barrio 3 de Junio de Berazategui, que estar\u00e1n destinadas a la relocalizaci\u00f3n de familias que viven bajo un electroducto y a orillas del Arroyo Las Conchitas. Esta obra fue gestionada por el intendente Juan Jos\u00e9 Mussi y financiada por el Banco Mundial por intermedio del Gobierno de la Provincia de Buenos Aires.<\/p>\n\n\n\n<p>El proyecto fue desarrollado por la Municipalidad -a cargo del intendente Juan Jos\u00e9 Mussi- y el Ministerio de H\u00e1bitat y Desarrollo Urbano de la provincia de Buenos Aires, con financiamiento del Banco Mundial. La construcci\u00f3n de las nuevas viviendas comenz\u00f3 este a\u00f1o, ya lleva un 30% de avance y contempla la edificaci\u00f3n de 120 casas. Tambi\u00e9n se realizar\u00e1 la pavimentaci\u00f3n de las calles, la construcci\u00f3n de veredas, trabajos de saneamiento y la puesta en marcha del sistema de desag\u00fces cloacales, redes de agua potable, gas y alumbrado p\u00fablico, adem\u00e1s de la conformaci\u00f3n del espacio p\u00fablico.<\/p>\n\n\n\n<p>\u201cLas viviendas ya est\u00e1n adjudicadas a los vecinos\u201d, afirm\u00f3 Cecilia Rold\u00e1n, titular de la Agencia de Tierras y H\u00e1bitat. Y asegur\u00f3: \u201cEl impacto ser\u00e1 sumamente beneficioso porque relocalizar\u00e1 a los vecinos y vecinas en estas casas y sus vidas cambiar\u00e1n, as\u00ed como la calidad de vida de todo el barrio. Una vez que esto suceda, en el lugar donde se asentaban antes se construir\u00e1 un parque ribere\u00f1o\u201d.<\/p>\n\n\n\n<p>Asimismo, se encuentra en proceso de adjudicaci\u00f3n la licitaci\u00f3n para el inicio de una segunda etapa en la obra, que comprende un conjunto habitacional de 239 viviendas y la construcci\u00f3n de un Sal\u00f3n de Usos M\u00faltiples (SUM), tambi\u00e9n localizadas en el barrio 3 de Junio. \u201cEsta segunda etapa completar\u00eda -junto a las 120 de la etapa 1- 359 viviendas en total para este barrio de la localidad de Pl\u00e1tanos, gracias -nuevamente- a la gesti\u00f3n del intendente Juan Jos\u00e9 Mussi, junto con el gobernador Axel Kicillof, a trav\u00e9s del Ministerio de H\u00e1bitat y Desarrollo Urbano\u201d, concluy\u00f3.<\/p>\n","protected":false},"excerpt":{"rendered":"<p>Se encuentra<\/p>\n","protected":false},"author":1,"featured_media":54484,"comment_status":"closed","ping_status":"closed","sticky":false,"template":"","format":"standard","meta":{"footnotes":""},"categories":[3],"tags":[40],"class_list":["post-54483","post","type-post","status-publish","format-standard","has-post-thumbnail","hentry","category-regionales","tag-berazategui"],"_links":{"self":[{"href":"https:\/\/panoramadelsur.com.ar\/index.php?rest_route=\/wp\/v2\/posts\/54483","targetHints":{"allow":["GET"]}}],"collection":[{"href":"https:\/\/panoramadelsur.com.ar\/index.php?rest_route=\/wp\/v2\/posts"}],"about":[{"href":"https:\/\/panoramadelsur.com.ar\/index.php?rest_route=\/wp\/v2\/types\/post"}],"author":[{"embeddable":true,"href":"https:\/\/panoramadelsur.com.ar\/index.php?rest_route=\/wp\/v2\/users\/1"}],"replies":[{"embeddable":true,"href":"https:\/\/panoramadelsur.com.ar\/index.php?rest_route=%2Fwp%2Fv2%2Fcomments&post=54483"}],"version-history":[{"count":1,"href":"https:\/\/panoramadelsur.com.ar\/index.php?rest_route=\/wp\/v2\/posts\/54483\/revisions"}],"predecessor-version":[{"id":54485,"href":"https:\/\/panoramadelsur.com.ar\/index.php?rest_route=\/wp\/v2\/posts\/54483\/revisions\/54485"}],"wp:featuredmedia":[{"embeddable":true,"href":"https:\/\/panoramadelsur.com.ar\/index.php?rest_route=\/wp\/v2\/media\/54484"}],"wp:attachment":[{"href":"https:\/\/panoramadelsur.com.ar\/index.php?rest_route=%2Fwp%2Fv2%2Fmedia&parent=54483"}],"wp:term":[{"taxonomy":"category","embeddable":true,"href":"https:\/\/panoramadelsur.com.ar\/index.php?rest_route=%2Fwp%2Fv2%2Fcategories&post=54483"},{"taxonomy":"post_tag","embeddable":true,"href":"https:\/\/panoramadelsur.com.ar\/index.php?rest_route=%2Fwp%2Fv2%2Ftags&post=54483"}],"curies":[{"name":"wp","href":"https:\/\/api.w.org\/{rel}","templated":true}]}}