{"id":54569,"date":"2024-09-30T01:08:00","date_gmt":"2024-09-30T04:08:00","guid":{"rendered":"https:\/\/panoramadelsur.com.ar\/?p=54569"},"modified":"2024-09-29T19:17:06","modified_gmt":"2024-09-29T22:17:06","slug":"walter-correa-rechazo-enfaticamente-la-reforma-laboral-impulsada-por-milei","status":"publish","type":"post","link":"https:\/\/panoramadelsur.com.ar\/?p=54569","title":{"rendered":"WALTER CORREA RECHAZ\u00d3 ENF\u00c1TICAMENTE LA REFORMA LABORAL IMPULSADA POR MILEI"},"content":{"rendered":"\n<p>El ministro de Trabajo de la Provincia de Buenos Aires, Walter Correa, particip\u00f3 el viernes de la Reuni\u00f3n Plenaria del Consejo Federal del Trabajo, que re\u00fane a las autoridades laborales de las 23 provincias de nuestro pa\u00eds y de la CABA. En ese marco, el titular de la cartera laboral bonaerense dio detalles del impacto negativo que tienen las medidas adoptadas por el gobierno nacional en relaci\u00f3n a la legislaci\u00f3n laboral y calific\u00f3 a las reformas como \u201cregresivas en torno a los derechos laborales vigentes\u201d.<\/p>\n\n\n\n<p>Durante el encuentro, del que participaron adem\u00e1s el Secretario de Trabajo de la Naci\u00f3n, Julio Cordero; el Ministro Correa expres\u00f3 su repudio al DNU 70\/23 por considerar que \u201csu \u00fanica finalidad es desproteger el trabajo, consider\u00e1ndolo un simple costo\u201d. Asimismo, agreg\u00f3: \u201cpara avanzar con el DNU se ha atacado a las asociaciones sindicales constituidas por trabajadoras y trabajadores, intentando desfinanciarlas y estigmatizarlas, asimilando el derecho constitucional de huelga con un delito\u201d.<\/p>\n\n\n\n<p>Por otra parte, tambi\u00e9n cuestion\u00f3 la recientemente reglamentada Ley de Bases (Ley 27.742), \u201cque a\u00fan con enormes modificaciones al texto original conserva aspectos preocupantes vinculados a fomentar la precarizaci\u00f3n laboral, las formas fraudulentas de contrataci\u00f3n, la extensi\u00f3n del per\u00edodo de prueba, y condena la participaci\u00f3n en reclamos gremiales, entre muchos otros puntos\u201d, se\u00f1al\u00f3. En el mismo orden, Correa reprob\u00f3 el Fondo de cese laboral al considerarlo \u201cun negociado a favor de sectores financieros y en contra de los derechos de los trabajadores de un efectivo cobro de indemnizaci\u00f3n, en caso del despido. As\u00ed como tambi\u00e9n rechazo a las figuras de \u201ccolaboradores\u201d, y al conjunto de medidas que avasallan los derechos&nbsp;que, en el marco de la Ley de Contrato de Trabajo (LCT), regulaban las relaciones laborales.<\/p>\n\n\n\n<p>Por \u00faltimo, el Ministro bonaerense expres\u00f3 \u201cuna profunda preocupaci\u00f3n vinculada al Art\u00edculo 27 del Proyecto de ley de Presupuesto General para el Ejercicio Fiscal 2025 presentado recientemente, el cual suspende arbitrariamente el cumplimiento de leyes fundamentales para el sistema educativo, en particular la educaci\u00f3n t\u00e9cnica. Asimismo, se pronunci\u00f3 absolutamente en contra de la privatizaci\u00f3n de Aerol\u00edneas Argentinas y cuestion\u00f3 la \u201cobstinaci\u00f3n de lograr el confuso d\u00e9ficit cero a costo del hambre del pueblo\u201d.<\/p>\n\n\n\n<p>La posici\u00f3n expresada por el Ministro Walter Correa, en representaci\u00f3n de la provincia de Buenos Aires, fue plasmada en un documento que se entreg\u00f3 a las autoridades del CFT, para que conste en el acta del Plenario.<\/p>\n","protected":false},"excerpt":{"rendered":"<p>El ministro<\/p>\n","protected":false},"author":1,"featured_media":54570,"comment_status":"closed","ping_status":"closed","sticky":false,"template":"","format":"standard","meta":{"footnotes":""},"categories":[5],"tags":[28,27],"class_list":["post-54569","post","type-post","status-publish","format-standard","has-post-thumbnail","hentry","category-provincia","tag-gba","tag-provincia"],"_links":{"self":[{"href":"https:\/\/panoramadelsur.com.ar\/index.php?rest_route=\/wp\/v2\/posts\/54569","targetHints":{"allow":["GET"]}}],"collection":[{"href":"https:\/\/panoramadelsur.com.ar\/index.php?rest_route=\/wp\/v2\/posts"}],"about":[{"href":"https:\/\/panoramadelsur.com.ar\/index.php?rest_route=\/wp\/v2\/types\/post"}],"author":[{"embeddable":true,"href":"https:\/\/panoramadelsur.com.ar\/index.php?rest_route=\/wp\/v2\/users\/1"}],"replies":[{"embeddable":true,"href":"https:\/\/panoramadelsur.com.ar\/index.php?rest_route=%2Fwp%2Fv2%2Fcomments&post=54569"}],"version-history":[{"count":1,"href":"https:\/\/panoramadelsur.com.ar\/index.php?rest_route=\/wp\/v2\/posts\/54569\/revisions"}],"predecessor-version":[{"id":54571,"href":"https:\/\/panoramadelsur.com.ar\/index.php?rest_route=\/wp\/v2\/posts\/54569\/revisions\/54571"}],"wp:featuredmedia":[{"embeddable":true,"href":"https:\/\/panoramadelsur.com.ar\/index.php?rest_route=\/wp\/v2\/media\/54570"}],"wp:attachment":[{"href":"https:\/\/panoramadelsur.com.ar\/index.php?rest_route=%2Fwp%2Fv2%2Fmedia&parent=54569"}],"wp:term":[{"taxonomy":"category","embeddable":true,"href":"https:\/\/panoramadelsur.com.ar\/index.php?rest_route=%2Fwp%2Fv2%2Fcategories&post=54569"},{"taxonomy":"post_tag","embeddable":true,"href":"https:\/\/panoramadelsur.com.ar\/index.php?rest_route=%2Fwp%2Fv2%2Ftags&post=54569"}],"curies":[{"name":"wp","href":"https:\/\/api.w.org\/{rel}","templated":true}]}}