{"id":54582,"date":"2024-09-30T01:08:00","date_gmt":"2024-09-30T04:08:00","guid":{"rendered":"https:\/\/panoramadelsur.com.ar\/?p=54582"},"modified":"2024-09-29T19:47:00","modified_gmt":"2024-09-29T22:47:00","slug":"realizan-obras-de-urbanizacion-en-el-barrio-compal","status":"publish","type":"post","link":"https:\/\/panoramadelsur.com.ar\/?p=54582","title":{"rendered":"REALIZAN OBRAS DE URBANIZACI\u00d3N EN EL BARRIO COMPAL"},"content":{"rendered":"\n<p>Contin\u00faan las obras de urbanizaci\u00f3n del barrio Compal (Pl\u00e1tanos). Ya llevan un 40% de avance gracias al convenio firmado entre la Municipalidad de Berazategui -a cargo del intendente Juan Jos\u00e9 Mussi- y el Organismo Provincial de Integraci\u00f3n Social y Urbana (OPISU), con el financiamiento del Banco Interamericano de Desarrollo (BID).<\/p>\n\n\n\n<p>Las obras, promovidas por el Gobierno municipal y el de la provincia de Buenos Aires, contemplan el mejoramiento de espacios p\u00fablicos y la construcci\u00f3n de equipamiento comunitario. Esta fase tambi\u00e9n contempla obras en la red de agua, cloacas y la ampliaci\u00f3n de la planta de impulsi\u00f3n; adem\u00e1s de la renovaci\u00f3n del alumbrado p\u00fablico.<\/p>\n\n\n\n<p>Al respecto, la titular de la Agencia de Tierras y H\u00e1bitat municipal, Cecilia Rold\u00e1n, destac\u00f3: \u201cActualmente estamos desarrollando una obra de equipamiento comunitario integrado por un SUM, un espacio p\u00fablico y las veredas perimetrales. El SUM cuenta con ba\u00f1os y cocina, e integrar\u00e1 y reunir\u00e1 a los vecinos. Gran parte de la mano de obra es local, son vecinos de Berazategui quienes trabajan aqu\u00ed. Ese fue uno de los acuerdos entre el intendente Mussi y el OPISU\u201d.<\/p>\n\n\n\n<p>Y agreg\u00f3: \u201cAgradecemos al intendente Juan Jos\u00e9 Mussi, por pensar siempre en el bienestar de los vecinos, as\u00ed como al gobernador Axel Kicillof. El plazo de obra es de 150 d\u00edas y tenemos la expectativa de que est\u00e9 terminada para fines de noviembre de 2024\u201d.<\/p>\n","protected":false},"excerpt":{"rendered":"<p>Contin\u00faan las<\/p>\n","protected":false},"author":1,"featured_media":54583,"comment_status":"closed","ping_status":"closed","sticky":false,"template":"","format":"standard","meta":{"footnotes":""},"categories":[3],"tags":[40],"class_list":["post-54582","post","type-post","status-publish","format-standard","has-post-thumbnail","hentry","category-regionales","tag-berazategui"],"_links":{"self":[{"href":"https:\/\/panoramadelsur.com.ar\/index.php?rest_route=\/wp\/v2\/posts\/54582","targetHints":{"allow":["GET"]}}],"collection":[{"href":"https:\/\/panoramadelsur.com.ar\/index.php?rest_route=\/wp\/v2\/posts"}],"about":[{"href":"https:\/\/panoramadelsur.com.ar\/index.php?rest_route=\/wp\/v2\/types\/post"}],"author":[{"embeddable":true,"href":"https:\/\/panoramadelsur.com.ar\/index.php?rest_route=\/wp\/v2\/users\/1"}],"replies":[{"embeddable":true,"href":"https:\/\/panoramadelsur.com.ar\/index.php?rest_route=%2Fwp%2Fv2%2Fcomments&post=54582"}],"version-history":[{"count":1,"href":"https:\/\/panoramadelsur.com.ar\/index.php?rest_route=\/wp\/v2\/posts\/54582\/revisions"}],"predecessor-version":[{"id":54584,"href":"https:\/\/panoramadelsur.com.ar\/index.php?rest_route=\/wp\/v2\/posts\/54582\/revisions\/54584"}],"wp:featuredmedia":[{"embeddable":true,"href":"https:\/\/panoramadelsur.com.ar\/index.php?rest_route=\/wp\/v2\/media\/54583"}],"wp:attachment":[{"href":"https:\/\/panoramadelsur.com.ar\/index.php?rest_route=%2Fwp%2Fv2%2Fmedia&parent=54582"}],"wp:term":[{"taxonomy":"category","embeddable":true,"href":"https:\/\/panoramadelsur.com.ar\/index.php?rest_route=%2Fwp%2Fv2%2Fcategories&post=54582"},{"taxonomy":"post_tag","embeddable":true,"href":"https:\/\/panoramadelsur.com.ar\/index.php?rest_route=%2Fwp%2Fv2%2Ftags&post=54582"}],"curies":[{"name":"wp","href":"https:\/\/api.w.org\/{rel}","templated":true}]}}