{"id":54900,"date":"2024-10-24T01:04:00","date_gmt":"2024-10-24T04:04:00","guid":{"rendered":"https:\/\/panoramadelsur.com.ar\/?p=54900"},"modified":"2024-10-23T21:09:24","modified_gmt":"2024-10-24T00:09:24","slug":"mercado-vecino-sigue-recorriendo-berazategui-con-productos-frescos-y-de-calidad","status":"publish","type":"post","link":"https:\/\/panoramadelsur.com.ar\/?p=54900","title":{"rendered":"MERCADO VECINO SIGUE RECORRIENDO BERAZATEGUI CON PRODUCTOS FRESCOS Y DE CALIDAD"},"content":{"rendered":"\n<p>Mercado Vecino, la feria itinerante municipal de Berazategui, sigue recorriendo los barrios con las mejores ofertas en frutas, verduras, l\u00e1cteos, carne, pescados, panificados, plantas y flores directo de productores locales. Los lunes se encuentra en la Plaza Rigolleau (Av. 14 y Lisandro de la Torre) y los s\u00e1bados en el Barrio Federal N\u00e9stor Kirchner de El Pato (calle 635 e\/ 531 y 532), de 8.00 a 13.00. Adem\u00e1s, durante la semana se ubica en diferentes puntos del distrito.<\/p>\n\n\n\n<p>El cronograma completo se puede consultar en berazategui.gob.ar\/mercadovecino. Las jornadas se suspenden en caso de malas condiciones clim\u00e1ticas.<\/p>\n\n\n\n<p>Esta iniciativa, que comenz\u00f3 en 2016, busca fomentar el consumo local y apoyar a productores y micro emprendedores. Los vecinos pueden encontrar productos frescos y saludables a precios especiales, y los productores tienen un espacio para comercializar sus productos, sin intermediarios. Forma parte de las pol\u00edticas p\u00fablicas impulsadas por el intendente Juan Jos\u00e9 Mussi.<\/p>\n\n\n\n<p>Mar\u00eda Luisa Colman, vecina que se acerca todos los lunes a la Plaza Rigolleau, asegur\u00f3: \u201cVengo por los precios y la atenci\u00f3n, adem\u00e1s de la calidad y variedad de los productos. Adem\u00e1s s\u00e9 que es mercader\u00eda fresca, porque viene de quintas de Berazategui\u201d.<\/p>\n","protected":false},"excerpt":{"rendered":"<p>Mercado Vecino,<\/p>\n","protected":false},"author":1,"featured_media":54901,"comment_status":"closed","ping_status":"closed","sticky":false,"template":"","format":"standard","meta":{"footnotes":""},"categories":[8,3],"tags":[40],"class_list":["post-54900","post","type-post","status-publish","format-standard","has-post-thumbnail","hentry","category-para-agendar","category-regionales","tag-berazategui"],"_links":{"self":[{"href":"https:\/\/panoramadelsur.com.ar\/index.php?rest_route=\/wp\/v2\/posts\/54900","targetHints":{"allow":["GET"]}}],"collection":[{"href":"https:\/\/panoramadelsur.com.ar\/index.php?rest_route=\/wp\/v2\/posts"}],"about":[{"href":"https:\/\/panoramadelsur.com.ar\/index.php?rest_route=\/wp\/v2\/types\/post"}],"author":[{"embeddable":true,"href":"https:\/\/panoramadelsur.com.ar\/index.php?rest_route=\/wp\/v2\/users\/1"}],"replies":[{"embeddable":true,"href":"https:\/\/panoramadelsur.com.ar\/index.php?rest_route=%2Fwp%2Fv2%2Fcomments&post=54900"}],"version-history":[{"count":1,"href":"https:\/\/panoramadelsur.com.ar\/index.php?rest_route=\/wp\/v2\/posts\/54900\/revisions"}],"predecessor-version":[{"id":54902,"href":"https:\/\/panoramadelsur.com.ar\/index.php?rest_route=\/wp\/v2\/posts\/54900\/revisions\/54902"}],"wp:featuredmedia":[{"embeddable":true,"href":"https:\/\/panoramadelsur.com.ar\/index.php?rest_route=\/wp\/v2\/media\/54901"}],"wp:attachment":[{"href":"https:\/\/panoramadelsur.com.ar\/index.php?rest_route=%2Fwp%2Fv2%2Fmedia&parent=54900"}],"wp:term":[{"taxonomy":"category","embeddable":true,"href":"https:\/\/panoramadelsur.com.ar\/index.php?rest_route=%2Fwp%2Fv2%2Fcategories&post=54900"},{"taxonomy":"post_tag","embeddable":true,"href":"https:\/\/panoramadelsur.com.ar\/index.php?rest_route=%2Fwp%2Fv2%2Ftags&post=54900"}],"curies":[{"name":"wp","href":"https:\/\/api.w.org\/{rel}","templated":true}]}}