{"id":54939,"date":"2024-10-30T05:58:00","date_gmt":"2024-10-30T08:58:00","guid":{"rendered":"https:\/\/panoramadelsur.com.ar\/?p=54939"},"modified":"2024-10-30T18:01:53","modified_gmt":"2024-10-30T21:01:53","slug":"jornada-integral-de-salud-en-sourigues","status":"publish","type":"post","link":"https:\/\/panoramadelsur.com.ar\/?p=54939","title":{"rendered":"JORNADA INTEGRAL DE SALUD EN SOURIGUES"},"content":{"rendered":"\n<p><strong>Se realiz\u00f3 una jornada integral de salud en la Sociedad de Fomento Carlos T. Sourigues, con una gran participaci\u00f3n de vecinos y vecinas de la zona. Esta iniciativa es impulsada por el intendente de Berazategui, Juan Jos\u00e9 Mussi, con el objetivo de acercar gratuitamente los servicios de salud a los diferentes barrios del distrito.<\/strong><\/p>\n\n\n\n<p>En esta oportunidad, se brindaron las siguientes prestaciones:<\/p>\n\n\n\n<p>&#8211; Detecci\u00f3n de pacientes con factores de riesgo y toma de tensi\u00f3n arterial, peso, talla e \u00edndice de masa corporal.<\/p>\n\n\n\n<p>&#8211; Atenci\u00f3n cl\u00ednica y pedi\u00e1trica.<\/p>\n\n\n\n<p>&#8211; Atenci\u00f3n de la Red de Salud Mental y SEDRONAR.<\/p>\n\n\n\n<p>&#8211; Consejer\u00eda de alimentaci\u00f3n saludable, salud sexual y reproductiva.<\/p>\n\n\n\n<p>&#8211; Vacunaci\u00f3n de Calendario Nacional y COVID-19.<\/p>\n\n\n\n<p>&#8211; Capacitaci\u00f3n en RCP y uso de Desfibrilador Externo Autom\u00e1tico (DEA).<\/p>\n\n\n\n<p>&#8211; Test r\u00e1pido de VIH \/ S\u00edfilis.<\/p>\n\n\n\n<p>&#8211; Control de salud bucal, con entrega de certificado para el inicio escolar.<\/p>\n\n\n\n<p>Vilma Gauto, vecina de Sourigues, expres\u00f3: \u201cEstoy muy contenta con la jornada de salud que se hizo en nuestro barrio. Le agradezco al intendente Mussi por esta iniciativa. La atenci\u00f3n fue muy buena. Vine con mi hijo y se atendi\u00f3 con el m\u00e9dico cl\u00ednico y el pediatra. Fueron muy amables\u201d.<\/p>\n\n\n\n<p>Para m\u00e1s informaci\u00f3n, se puede ingresar en&nbsp;<a rel=\"noreferrer noopener\" target=\"_blank\" href=\"http:\/\/berazategui.gob.ar\/salud\">berazategui.gob.ar\/salud<\/a>.<\/p>\n","protected":false},"excerpt":{"rendered":"<p>Se realiz\u00f3<\/p>\n","protected":false},"author":1,"featured_media":54940,"comment_status":"closed","ping_status":"closed","sticky":false,"template":"","format":"standard","meta":{"footnotes":""},"categories":[3],"tags":[40],"class_list":["post-54939","post","type-post","status-publish","format-standard","has-post-thumbnail","hentry","category-regionales","tag-berazategui"],"_links":{"self":[{"href":"https:\/\/panoramadelsur.com.ar\/index.php?rest_route=\/wp\/v2\/posts\/54939","targetHints":{"allow":["GET"]}}],"collection":[{"href":"https:\/\/panoramadelsur.com.ar\/index.php?rest_route=\/wp\/v2\/posts"}],"about":[{"href":"https:\/\/panoramadelsur.com.ar\/index.php?rest_route=\/wp\/v2\/types\/post"}],"author":[{"embeddable":true,"href":"https:\/\/panoramadelsur.com.ar\/index.php?rest_route=\/wp\/v2\/users\/1"}],"replies":[{"embeddable":true,"href":"https:\/\/panoramadelsur.com.ar\/index.php?rest_route=%2Fwp%2Fv2%2Fcomments&post=54939"}],"version-history":[{"count":1,"href":"https:\/\/panoramadelsur.com.ar\/index.php?rest_route=\/wp\/v2\/posts\/54939\/revisions"}],"predecessor-version":[{"id":54941,"href":"https:\/\/panoramadelsur.com.ar\/index.php?rest_route=\/wp\/v2\/posts\/54939\/revisions\/54941"}],"wp:featuredmedia":[{"embeddable":true,"href":"https:\/\/panoramadelsur.com.ar\/index.php?rest_route=\/wp\/v2\/media\/54940"}],"wp:attachment":[{"href":"https:\/\/panoramadelsur.com.ar\/index.php?rest_route=%2Fwp%2Fv2%2Fmedia&parent=54939"}],"wp:term":[{"taxonomy":"category","embeddable":true,"href":"https:\/\/panoramadelsur.com.ar\/index.php?rest_route=%2Fwp%2Fv2%2Fcategories&post=54939"},{"taxonomy":"post_tag","embeddable":true,"href":"https:\/\/panoramadelsur.com.ar\/index.php?rest_route=%2Fwp%2Fv2%2Ftags&post=54939"}],"curies":[{"name":"wp","href":"https:\/\/api.w.org\/{rel}","templated":true}]}}