{"id":54951,"date":"2024-10-30T20:02:50","date_gmt":"2024-10-30T23:02:50","guid":{"rendered":"https:\/\/panoramadelsur.com.ar\/?p=54951"},"modified":"2024-10-30T20:02:51","modified_gmt":"2024-10-30T23:02:51","slug":"anillo-digital-otro-vehiculo-robado-recuperado","status":"publish","type":"post","link":"https:\/\/panoramadelsur.com.ar\/?p=54951","title":{"rendered":"ANILLO DIGITAL: OTRO VEH\u00cdCULO ROBADO RECUPERADO"},"content":{"rendered":"\n<p>Efectivos policiales detuvieron a un hombre que manejaba un Honda City con denuncia de robo radicada en el distrito de Merlo.<\/p>\n\n\n\n<p>Por medio del seguimiento de los dispositivos urbanos desde el Centro de Monitoreo Municipal, los agentes describieron caracter\u00edsticas del rodado e itinerario a personal en patrullaje quienes interceptaron el autom\u00f3vil en Av. San Mart\u00edn y Sargento Cabral.<\/p>\n\n\n\n<p>El conductor no acredit\u00f3 la propiedad del automotor. Por tal motivo, el sujeto fue trasladado a la Comisar\u00eda 3\u00ba donde qued\u00f3 a disposici\u00f3n de la Justicia.<\/p>\n","protected":false},"excerpt":{"rendered":"<p>Efectivos policiales<\/p>\n","protected":false},"author":1,"featured_media":54952,"comment_status":"closed","ping_status":"closed","sticky":false,"template":"","format":"standard","meta":{"footnotes":""},"categories":[3],"tags":[30],"class_list":["post-54951","post","type-post","status-publish","format-standard","has-post-thumbnail","hentry","category-regionales","tag-varela"],"_links":{"self":[{"href":"https:\/\/panoramadelsur.com.ar\/index.php?rest_route=\/wp\/v2\/posts\/54951","targetHints":{"allow":["GET"]}}],"collection":[{"href":"https:\/\/panoramadelsur.com.ar\/index.php?rest_route=\/wp\/v2\/posts"}],"about":[{"href":"https:\/\/panoramadelsur.com.ar\/index.php?rest_route=\/wp\/v2\/types\/post"}],"author":[{"embeddable":true,"href":"https:\/\/panoramadelsur.com.ar\/index.php?rest_route=\/wp\/v2\/users\/1"}],"replies":[{"embeddable":true,"href":"https:\/\/panoramadelsur.com.ar\/index.php?rest_route=%2Fwp%2Fv2%2Fcomments&post=54951"}],"version-history":[{"count":1,"href":"https:\/\/panoramadelsur.com.ar\/index.php?rest_route=\/wp\/v2\/posts\/54951\/revisions"}],"predecessor-version":[{"id":54953,"href":"https:\/\/panoramadelsur.com.ar\/index.php?rest_route=\/wp\/v2\/posts\/54951\/revisions\/54953"}],"wp:featuredmedia":[{"embeddable":true,"href":"https:\/\/panoramadelsur.com.ar\/index.php?rest_route=\/wp\/v2\/media\/54952"}],"wp:attachment":[{"href":"https:\/\/panoramadelsur.com.ar\/index.php?rest_route=%2Fwp%2Fv2%2Fmedia&parent=54951"}],"wp:term":[{"taxonomy":"category","embeddable":true,"href":"https:\/\/panoramadelsur.com.ar\/index.php?rest_route=%2Fwp%2Fv2%2Fcategories&post=54951"},{"taxonomy":"post_tag","embeddable":true,"href":"https:\/\/panoramadelsur.com.ar\/index.php?rest_route=%2Fwp%2Fv2%2Ftags&post=54951"}],"curies":[{"name":"wp","href":"https:\/\/api.w.org\/{rel}","templated":true}]}}