{"id":54991,"date":"2024-12-23T01:08:00","date_gmt":"2024-12-23T04:08:00","guid":{"rendered":"https:\/\/panoramadelsur.com.ar\/?p=54991"},"modified":"2024-11-03T12:13:32","modified_gmt":"2024-11-03T15:13:32","slug":"designaciones-pastoral-de-sacerdotes-de-la-diocesis","status":"publish","type":"post","link":"https:\/\/panoramadelsur.com.ar\/?p=54991","title":{"rendered":"DESIGNACIONES PASTORAL DE SACERDOTES DE LA DI\u00d3CESIS"},"content":{"rendered":"\n<p class=\"wp-block-paragraph\">Los obispos de Quilmes Carlos Tissera y Eduardo Redondo comparten con la comunidad diocesana los destinos pastorales previstos para el pr\u00f3ximo a\u00f1o en distintas parroquias de la di\u00f3cesis.<\/p>\n\n\n\n<p class=\"wp-block-paragraph\">Las fechas de los inicios pastorales se comunicar\u00e1n oportunamente por los canales de comunicaci\u00f3n de la di\u00f3cesis.<\/p>\n\n\n\n<p class=\"wp-block-paragraph\">En el Decanato Quilmes Centro:<\/p>\n\n\n\n<p class=\"wp-block-paragraph\">En la Iglesia Catedral Inmaculada Concepci\u00f3n (Rivadavia 355, Quilmes), los presb\u00edteros Daniel Fernando Moreno y Eros Zardini han sido designados Administradores Parroquiales Solidarios, y el presb\u00edtero Guido Lautaro Belloni, Vicario Parroquial.<\/p>\n\n\n\n<p class=\"wp-block-paragraph\">En la parroquia Nuestra Se\u00f1ora de la Paz (Ascasubi 212, Bernal), el presb\u00edtero Guido Lautaro Belloni ha sido designado Vicario Parroquial, y acompa\u00f1ar\u00e1 al Padre Daniel Moreno que contin\u00faa como P\u00e1rroco.<\/p>\n\n\n\n<p class=\"wp-block-paragraph\">En la parroquia Exaltaci\u00f3n de la Santa Cruz de los Quilmes (Isidoro Iriarte 1636, Quilmes), al presb\u00edtero Daniel Fernando Moreno se le ha encomendado el servicio de Director Pastoral.<\/p>\n\n\n\n<p class=\"wp-block-paragraph\">En la parroquia Nuestra Se\u00f1ora de Czestochowa (Santa Cruz 710, Ezpeleta), el presb\u00edtero Oscar Marchessi ha sido nombrado P\u00e1rroco.<\/p>\n\n\n\n<p class=\"wp-block-paragraph\">En la parroquia Nuestra Se\u00f1ora de Luj\u00e1n (Primera Junta 226, Quilmes) ha sido designado P\u00e1rroco el presb\u00edtero Miguel \u00c1ngel Pintos.<\/p>\n\n\n\n<p class=\"wp-block-paragraph\">En el Decanato Quilmes Oeste II:<\/p>\n\n\n\n<p class=\"wp-block-paragraph\">En la parroquia San Jorge (Camino Gral. Belgrano esq. calle 844, Quilmes Oeste), el presb\u00edtero Cristian Bustos ha sido nombrado P\u00e1rroco.<\/p>\n\n\n\n<p class=\"wp-block-paragraph\">En el Decanato Berazategui:<\/p>\n\n\n\n<p class=\"wp-block-paragraph\">En las parroquias Nuestra Se\u00f1ora del Milagro (Calle 61 entre calles 163 y 164, Barrio Pueblo Nuevo, Hudson), Santa Mar\u00eda (Calle 159 N\u00ba 5335 esquina 53, Hudson), Santa Isabel de Hungr\u00eda (Calle 44 esquina calle 159, Pl\u00e1tanos) y Nuestra Se\u00f1ora de Itat\u00ed (Calle 30 N\u00ba 5993, Villa Mitre, Berazategui), al presb\u00edtero Dami\u00e1n Jorge Burgardt se le ha encomendado el servicio de Vicario Parroquial.<\/p>\n\n\n\n<p class=\"wp-block-paragraph\">Los padres obispos agradecen la disponibilidad de cada uno de los presb\u00edteros, en particular, los servicios que llevan adelante en sus comunidades, e invitan a la di\u00f3cesis a rezar por estos hermanos y por las comunidades que los van a recibir, animando a todos a \u201cseguir caminando juntos\u201d.<\/p>\n","protected":false},"excerpt":{"rendered":"<p>Los obispos<\/p>\n","protected":false},"author":1,"featured_media":54992,"comment_status":"closed","ping_status":"closed","sticky":false,"template":"","format":"standard","meta":{"footnotes":""},"categories":[2],"tags":[17],"class_list":["post-54991","post","type-post","status-publish","format-standard","has-post-thumbnail","hentry","category-quilmes","tag-quilmes"],"_links":{"self":[{"href":"https:\/\/panoramadelsur.com.ar\/index.php?rest_route=\/wp\/v2\/posts\/54991","targetHints":{"allow":["GET"]}}],"collection":[{"href":"https:\/\/panoramadelsur.com.ar\/index.php?rest_route=\/wp\/v2\/posts"}],"about":[{"href":"https:\/\/panoramadelsur.com.ar\/index.php?rest_route=\/wp\/v2\/types\/post"}],"author":[{"embeddable":true,"href":"https:\/\/panoramadelsur.com.ar\/index.php?rest_route=\/wp\/v2\/users\/1"}],"replies":[{"embeddable":true,"href":"https:\/\/panoramadelsur.com.ar\/index.php?rest_route=%2Fwp%2Fv2%2Fcomments&post=54991"}],"version-history":[{"count":1,"href":"https:\/\/panoramadelsur.com.ar\/index.php?rest_route=\/wp\/v2\/posts\/54991\/revisions"}],"predecessor-version":[{"id":54993,"href":"https:\/\/panoramadelsur.com.ar\/index.php?rest_route=\/wp\/v2\/posts\/54991\/revisions\/54993"}],"wp:featuredmedia":[{"embeddable":true,"href":"https:\/\/panoramadelsur.com.ar\/index.php?rest_route=\/wp\/v2\/media\/54992"}],"wp:attachment":[{"href":"https:\/\/panoramadelsur.com.ar\/index.php?rest_route=%2Fwp%2Fv2%2Fmedia&parent=54991"}],"wp:term":[{"taxonomy":"category","embeddable":true,"href":"https:\/\/panoramadelsur.com.ar\/index.php?rest_route=%2Fwp%2Fv2%2Fcategories&post=54991"},{"taxonomy":"post_tag","embeddable":true,"href":"https:\/\/panoramadelsur.com.ar\/index.php?rest_route=%2Fwp%2Fv2%2Ftags&post=54991"}],"curies":[{"name":"wp","href":"https:\/\/api.w.org\/{rel}","templated":true}]}}