{"id":55132,"date":"2024-12-24T01:01:00","date_gmt":"2024-12-24T04:01:00","guid":{"rendered":"https:\/\/panoramadelsur.com.ar\/?p=55132"},"modified":"2024-12-23T15:38:34","modified_gmt":"2024-12-23T18:38:34","slug":"peajes-mas-caros-para-el-verano-aumentan-las-tarifas-entre-caba-la-plata-y-la-costa-atlantica","status":"publish","type":"post","link":"https:\/\/panoramadelsur.com.ar\/?p=55132","title":{"rendered":"PEAJES M\u00c1S CAROS PARA EL VERANO: AUMENTAN LAS TARIFAS ENTRE CABA-LA PLATA Y LA COSTA ATL\u00c1NTICA"},"content":{"rendered":"\n<p class=\"wp-block-paragraph\">El gobierno bonaerense\u00a0autoriz\u00f3 un nuevo incremento en los peajes\u00a0de la autopista Buenos Aires-La Plata y de los corredores viales a la Costa Atl\u00e1ntica, en la previa de las vacaciones de verano, por lo que ser\u00e1 m\u00e1s costoso viajar a las playas de la provincia.<\/p>\n\n\n\n<p class=\"wp-block-paragraph\">El Ministerio de Infraestructura provincial autoriz\u00f3 la suba, que\u00a0ronda el 23% promedio, ante el pedido de la concesionaria Aubasa, en el marco de la actualizaci\u00f3n de tarifas trimestral, que no requiere de realizaci\u00f3n de una audiencia p\u00fablica.<\/p>\n\n\n\n<p class=\"wp-block-paragraph\">El ajuste surge utilizando la variaci\u00f3n porcentual que arroja el Coeficiente de Variaci\u00f3n Tarifario (CVT), el nuevo indicador de referencia que&nbsp;<em>\u201ccontempla razonablemente la estructura de costos de la empresa, ya que pondera el \u00cdndice de Salarios nivel general trabajador registrado (IS), el de Precios Internos al por Mayor (IPIM) y el \u00cdndice de Precios al Consumidor nivel general (IPC), todos publicados por el INDEC\u201d.<\/em><\/p>\n\n\n\n<p class=\"wp-block-paragraph\">Con dicha actualizaci\u00f3n, la tarifa m\u00ednima\u00a0en hora pico para los autos pasar\u00e1 a pagar hasta $4.000\u00a0en hora pico para la autopista que conecta la Ciudad de Buenos Aires con el sur del conurbano. Mientras que para los peajes a la costa, el costo de los peajes\u00a0trepar\u00e1 hasta $5.300.<\/p>\n\n\n\n<h2 class=\"wp-block-heading\">Los nuevos valores de AUBASA para los peajes<\/h2>\n\n\n\n<h3 class=\"wp-block-heading\">Sentido La Plata-CABA<\/h3>\n\n\n\n<ul class=\"wp-block-list\">\n<li>Peaje Hudson: $3.200 y en hora pico $4.000\u00a0<\/li>\n\n\n\n<li>Peajes Bernal, Quilmes y Berazategui: $2.800 y $3.400 hora pico<\/li>\n<\/ul>\n\n\n\n<h3 class=\"wp-block-heading\">Sentido CABA-La Plata<\/h3>\n\n\n\n<ul class=\"wp-block-list\">\n<li>Peaje Dock Sud, Hudson, Guti\u00e9rrez y Villa Elisa: \u00a0$1.600 y $2.000 hora pico\u00a0<\/li>\n\n\n\n<li>Peajes Bernal, Quilmes y Berazategui: $1.200 y $1.400 hora pico<\/li>\n<\/ul>\n\n\n\n<h3 class=\"wp-block-heading\">Sentido a la Costa Atl\u00e1ntica<\/h3>\n\n\n\n<ul class=\"wp-block-list\">\n<li>Peaje Samboromb\u00f3n, Maip\u00fa y La Huella: $5.300\u00a0<\/li>\n\n\n\n<li>Peaje General Madariaga: $2.300\u00a0<\/li>\n\n\n\n<li>Peaje Mar Chiquita: $2.500\u00a0<\/li>\n<\/ul>\n","protected":false},"excerpt":{"rendered":"<p>El gobierno<\/p>\n","protected":false},"author":1,"featured_media":55133,"comment_status":"closed","ping_status":"closed","sticky":false,"template":"","format":"standard","meta":{"footnotes":""},"categories":[10,4,8,5],"tags":[],"class_list":["post-55132","post","type-post","status-publish","format-standard","has-post-thumbnail","hentry","category-mas-noticias","category-nacionales","category-para-agendar","category-provincia"],"_links":{"self":[{"href":"https:\/\/panoramadelsur.com.ar\/index.php?rest_route=\/wp\/v2\/posts\/55132","targetHints":{"allow":["GET"]}}],"collection":[{"href":"https:\/\/panoramadelsur.com.ar\/index.php?rest_route=\/wp\/v2\/posts"}],"about":[{"href":"https:\/\/panoramadelsur.com.ar\/index.php?rest_route=\/wp\/v2\/types\/post"}],"author":[{"embeddable":true,"href":"https:\/\/panoramadelsur.com.ar\/index.php?rest_route=\/wp\/v2\/users\/1"}],"replies":[{"embeddable":true,"href":"https:\/\/panoramadelsur.com.ar\/index.php?rest_route=%2Fwp%2Fv2%2Fcomments&post=55132"}],"version-history":[{"count":1,"href":"https:\/\/panoramadelsur.com.ar\/index.php?rest_route=\/wp\/v2\/posts\/55132\/revisions"}],"predecessor-version":[{"id":55134,"href":"https:\/\/panoramadelsur.com.ar\/index.php?rest_route=\/wp\/v2\/posts\/55132\/revisions\/55134"}],"wp:featuredmedia":[{"embeddable":true,"href":"https:\/\/panoramadelsur.com.ar\/index.php?rest_route=\/wp\/v2\/media\/55133"}],"wp:attachment":[{"href":"https:\/\/panoramadelsur.com.ar\/index.php?rest_route=%2Fwp%2Fv2%2Fmedia&parent=55132"}],"wp:term":[{"taxonomy":"category","embeddable":true,"href":"https:\/\/panoramadelsur.com.ar\/index.php?rest_route=%2Fwp%2Fv2%2Fcategories&post=55132"},{"taxonomy":"post_tag","embeddable":true,"href":"https:\/\/panoramadelsur.com.ar\/index.php?rest_route=%2Fwp%2Fv2%2Ftags&post=55132"}],"curies":[{"name":"wp","href":"https:\/\/api.w.org\/{rel}","templated":true}]}}