{"id":55192,"date":"2025-01-31T01:04:00","date_gmt":"2025-01-31T04:04:00","guid":{"rendered":"https:\/\/panoramadelsur.com.ar\/?p=55192"},"modified":"2024-12-29T16:27:06","modified_gmt":"2024-12-29T19:27:06","slug":"varela-el-coro-vocacional-municipal-busca-nuevas-voces","status":"publish","type":"post","link":"https:\/\/panoramadelsur.com.ar\/?p=55192","title":{"rendered":"VARELA: EL CORO VOCACIONAL MUNICIPAL BUSCA NUEVAS VOCES"},"content":{"rendered":"\n<p>El conjunto vocal comunal inicia audiciones los martes y viernes de febrero a las 19 hs. en la Casa de la Cultura -calle Mitre N\u00ba149- con el objetivo de sumar integrantes al ensamble.<\/p>\n\n\n\n<p>Nicol\u00e1s Argento, director del coro, alienta a los vecinos y las vecinas a \u201cvincularse con la propuesta musical: es un semillero donde aprender e incorporar experiencias\u201d. Destaca \u201cla responsabilidad de la actividad ya que todas las voces son importantes\u201d.<\/p>\n\n\n\n<p>Las pruebas ser\u00e1n para las cuerdas soprano, contralto, tenor y bajo, a partir de los 16 a\u00f1os y sin l\u00edmite de edad.<\/p>\n","protected":false},"excerpt":{"rendered":"<p>El conjunto<\/p>\n","protected":false},"author":1,"featured_media":55193,"comment_status":"closed","ping_status":"closed","sticky":false,"template":"","format":"standard","meta":{"footnotes":""},"categories":[8,3],"tags":[30],"class_list":["post-55192","post","type-post","status-publish","format-standard","has-post-thumbnail","hentry","category-para-agendar","category-regionales","tag-varela"],"_links":{"self":[{"href":"https:\/\/panoramadelsur.com.ar\/index.php?rest_route=\/wp\/v2\/posts\/55192","targetHints":{"allow":["GET"]}}],"collection":[{"href":"https:\/\/panoramadelsur.com.ar\/index.php?rest_route=\/wp\/v2\/posts"}],"about":[{"href":"https:\/\/panoramadelsur.com.ar\/index.php?rest_route=\/wp\/v2\/types\/post"}],"author":[{"embeddable":true,"href":"https:\/\/panoramadelsur.com.ar\/index.php?rest_route=\/wp\/v2\/users\/1"}],"replies":[{"embeddable":true,"href":"https:\/\/panoramadelsur.com.ar\/index.php?rest_route=%2Fwp%2Fv2%2Fcomments&post=55192"}],"version-history":[{"count":1,"href":"https:\/\/panoramadelsur.com.ar\/index.php?rest_route=\/wp\/v2\/posts\/55192\/revisions"}],"predecessor-version":[{"id":55194,"href":"https:\/\/panoramadelsur.com.ar\/index.php?rest_route=\/wp\/v2\/posts\/55192\/revisions\/55194"}],"wp:featuredmedia":[{"embeddable":true,"href":"https:\/\/panoramadelsur.com.ar\/index.php?rest_route=\/wp\/v2\/media\/55193"}],"wp:attachment":[{"href":"https:\/\/panoramadelsur.com.ar\/index.php?rest_route=%2Fwp%2Fv2%2Fmedia&parent=55192"}],"wp:term":[{"taxonomy":"category","embeddable":true,"href":"https:\/\/panoramadelsur.com.ar\/index.php?rest_route=%2Fwp%2Fv2%2Fcategories&post=55192"},{"taxonomy":"post_tag","embeddable":true,"href":"https:\/\/panoramadelsur.com.ar\/index.php?rest_route=%2Fwp%2Fv2%2Ftags&post=55192"}],"curies":[{"name":"wp","href":"https:\/\/api.w.org\/{rel}","templated":true}]}}