{"id":55300,"date":"2025-01-08T01:07:00","date_gmt":"2025-01-08T04:07:00","guid":{"rendered":"https:\/\/panoramadelsur.com.ar\/?p=55300"},"modified":"2025-01-07T17:25:10","modified_gmt":"2025-01-07T20:25:10","slug":"sigue-en-rojo-la-venta-de-insumos-para-la-construccion","status":"publish","type":"post","link":"https:\/\/panoramadelsur.com.ar\/?p=55300","title":{"rendered":"SIGUE EN ROJO LA VENTA DE INSUMOS PARA LA CONSTRUCCI\u00d3N"},"content":{"rendered":"\n<p>La venta de insumos para la construcci\u00f3n cerr\u00f3 2024 cayendo en diciembre 6,6% en forma interanual y 1,2% con relaci\u00f3n a noviembre en forma desestacionalizada, seg\u00fan el \u00cdndice Construya (IC).<\/p>\n\n\n\n<p>Este indicador mide la evoluci\u00f3n de los vol\u00famenes vendidos al sector privado de los productos para la construcci\u00f3n que fabrican las empresas que lo conforman<\/p>\n\n\n\n<p>\u00abDurante 2024 se vio una reducci\u00f3n de las ventas de materiales para la construcci\u00f3n con algunos meses de repunte. Creemos que el proceso de recuperaci\u00f3n ser\u00e1 lento y estar\u00e1 asociado a la reactivaci\u00f3n de las obras privadas, traccionado principalmente por la expansi\u00f3n del cr\u00e9dito hipotecario y la b\u00fasqueda de inversi\u00f3n en ladrillos\u201d, se\u00f1alaron desde Construya<\/p>\n\n\n\n<p>De esta forma, el acumulado de enero-diciembre de 2024 cerr\u00f3 27,2% por debajo del mismo per\u00edodo del a\u00f1o anterior.<\/p>\n\n\n\n<p>La merma est\u00e1 impactada por la eliminaci\u00f3n de la obra p\u00fablica y por un aumento de los costos en d\u00f3lares que ralentiza los nuevos proyectos.<\/p>\n","protected":false},"excerpt":{"rendered":"<p>La venta<\/p>\n","protected":false},"author":1,"featured_media":55301,"comment_status":"closed","ping_status":"closed","sticky":false,"template":"","format":"standard","meta":{"footnotes":""},"categories":[4],"tags":[],"class_list":["post-55300","post","type-post","status-publish","format-standard","has-post-thumbnail","hentry","category-nacionales"],"_links":{"self":[{"href":"https:\/\/panoramadelsur.com.ar\/index.php?rest_route=\/wp\/v2\/posts\/55300","targetHints":{"allow":["GET"]}}],"collection":[{"href":"https:\/\/panoramadelsur.com.ar\/index.php?rest_route=\/wp\/v2\/posts"}],"about":[{"href":"https:\/\/panoramadelsur.com.ar\/index.php?rest_route=\/wp\/v2\/types\/post"}],"author":[{"embeddable":true,"href":"https:\/\/panoramadelsur.com.ar\/index.php?rest_route=\/wp\/v2\/users\/1"}],"replies":[{"embeddable":true,"href":"https:\/\/panoramadelsur.com.ar\/index.php?rest_route=%2Fwp%2Fv2%2Fcomments&post=55300"}],"version-history":[{"count":1,"href":"https:\/\/panoramadelsur.com.ar\/index.php?rest_route=\/wp\/v2\/posts\/55300\/revisions"}],"predecessor-version":[{"id":55302,"href":"https:\/\/panoramadelsur.com.ar\/index.php?rest_route=\/wp\/v2\/posts\/55300\/revisions\/55302"}],"wp:featuredmedia":[{"embeddable":true,"href":"https:\/\/panoramadelsur.com.ar\/index.php?rest_route=\/wp\/v2\/media\/55301"}],"wp:attachment":[{"href":"https:\/\/panoramadelsur.com.ar\/index.php?rest_route=%2Fwp%2Fv2%2Fmedia&parent=55300"}],"wp:term":[{"taxonomy":"category","embeddable":true,"href":"https:\/\/panoramadelsur.com.ar\/index.php?rest_route=%2Fwp%2Fv2%2Fcategories&post=55300"},{"taxonomy":"post_tag","embeddable":true,"href":"https:\/\/panoramadelsur.com.ar\/index.php?rest_route=%2Fwp%2Fv2%2Ftags&post=55300"}],"curies":[{"name":"wp","href":"https:\/\/api.w.org\/{rel}","templated":true}]}}