{"id":55380,"date":"2025-01-10T01:04:00","date_gmt":"2025-01-10T04:04:00","guid":{"rendered":"https:\/\/panoramadelsur.com.ar\/?p=55380"},"modified":"2025-01-09T18:56:14","modified_gmt":"2025-01-09T21:56:14","slug":"varela-inscripcion-para-talleres-culturales-gratuitos-de-febrero","status":"publish","type":"post","link":"https:\/\/panoramadelsur.com.ar\/?p=55380","title":{"rendered":"VARELA: INSCRIPCI\u00d3N PARA TALLERES CULTURALES GRATUITOS DE FEBRERO"},"content":{"rendered":"\n<p>Desde el 13 al 17 de enero, de 9 a 16 hs., la Comuna comienza la matriculaci\u00f3n sin costo a las propuestas art\u00edsticas, recreativas y de formaci\u00f3n en la dependencia situada en calle Mitre N\u00ba149.<\/p>\n\n\n\n<p>Mariana Zunino, directora de Instrumentaci\u00f3n de Talleres, comenta: \u201cExtendemos la amplia variedad de opciones para capacitar a personas de todas las edades\u201d. \u201cAl igual que en el primer mes del a\u00f1o, contaremos con alternativas vinculadas a una posible salida laboral\u201d, agrega.<\/p>\n\n\n\n<p>Acerca de las clases, enumera: \u201cHabr\u00e1 seminarios de tango, zapateo, danza, carpinter\u00eda, tejido, sombrerer\u00eda y tocados, corte y confecci\u00f3n, bordado, dise\u00f1o de indumentaria, franc\u00e9s e ingl\u00e9s nivel principiante, automaquillaje, arte-terapia, canto, batucada, arpa, trompeta, bajo, teatro, dibujo, pintura, entre otros\u201d.<\/p>\n\n\n\n<p>Quienes deseen inscribirse, acercarse con DNI a los establecimientos municipales mencionados. Cada vecino o vecina tendr\u00e1 la oportunidad de reservar vacantes en dos cursos.<\/p>\n\n\n\n<p><em>Oferta disponible:<\/em><\/p>\n\n\n\n<p><strong>Casa de la Cultura<\/strong><\/p>\n\n\n\n<p><em>M\u00fasica<\/em><\/p>\n\n\n\n<p>\u2022 Canto, mayores de 15 a\u00f1os, profesor German Benavides (mi\u00e9rcoles 18 a 22 hs.).<\/p>\n\n\n\n<p>\u2022 Canto, mayores de 15 a\u00f1os, con Eliana Sosa (mi\u00e9rcoles 16 a 20 hs.).&nbsp;&nbsp;&nbsp;&nbsp;&nbsp;&nbsp;&nbsp;<\/p>\n\n\n\n<p>\u2022 Canto, mayores de 15 a\u00f1os, con Judith Lezcano (viernes 18 a 22 hs.).<\/p>\n\n\n\n<p>\u2022 Trompeta, mayores de 15 a\u00f1os, profesor Nahuel Becerra (jueves 14 a 18 hs.).&nbsp;&nbsp;&nbsp;<\/p>\n\n\n\n<p>\u2022 La voz y su cuidado, mayores de 15 a\u00f1os, profesora Patricia Campos (mi\u00e9rcoles 16 a 18 hs.).<\/p>\n\n\n\n<p>\u2022 Batucada inicial, ni\u00f1os de 8 a 12 a\u00f1os, profesor Jorge \u00c1lvarez (lunes de 16 a 18 hs. &nbsp;y jueves de 10 a 12 hs.) en CePLA, calle Necochea esquina Senzabello, barrio Presidente Sarmiento.<\/p>\n\n\n\n<p>\u2022 Lenguaje musical, mayores de 12 a\u00f1os, profesor Fernando Liciotti (martes de 15 a 19 hs.)&nbsp;&nbsp;&nbsp;&nbsp;&nbsp;&nbsp;&nbsp; .<\/p>\n\n\n\n<p>\u2022 Bajo el\u00e9ctrico, mayores de 12 a\u00f1os, profesor Hern\u00e1n Zavala (martes de 17.30 a 19.30 hs.) CePLA, calle Necochea esquina Senzabello, barrio Presidente Sarmiento.<\/p>\n\n\n\n<p>\u2022 Bajo el\u00e9ctrico, mayores de 12 a\u00f1os, profesor Hern\u00e1n Zavala (martes de 20 a 22 hs.).<\/p>\n\n\n\n<p>\u2022 Arpa avanzado, mayores de 12 a\u00f1os, profesora Silvina Portillo (martes y jueves 19.30 a 21.30 hs.).<\/p>\n\n\n\n<p>\u2022 T\u00e9cnica arpa, mayores de 12 a\u00f1os, profesor Alfredo Portillo (mi\u00e9rcoles 17 a 21 hs.).<\/p>\n\n\n\n<p>\u2022 Arpa inicial, mayores de 8 a\u00f1os, profesora Catalina N\u00fa\u00f1ez (viernes de 19 a 21 hs.).<\/p>\n\n\n\n<p>\u2022 Piano infantil, de 7 a 12 a\u00f1os, profesor Federico Langaret (mi\u00e9rcoles 13 a 17 hs.).<\/p>\n\n\n\n<p>\u2022 Bater\u00eda infantil, de 8 a 12 a\u00f1os, profesor David Rodas (mi\u00e9rcoles 18 a 19 hs.).<\/p>\n\n\n\n<p>\u2022 Taller de m\u00fasica andina, mayores de 12 a\u00f1os, profesor Cristian Giulianetti (mi\u00e9rcoles de 18 a 22 hs.).&nbsp;<\/p>\n\n\n\n<p>\u2022 Bater\u00eda adultos, mayores de 24 a\u00f1os, profesor David Rodas (mi\u00e9rcoles 19 a 21 hs.).<\/p>\n\n\n\n<p>\u2022 Guitarra inicial, mayores de 8 a\u00f1os, profesora Victoria Frisz (s\u00e1bados de 9 a 13 hs.).<\/p>\n\n\n\n<p>\u2022 Sonido experimental, mayores de 15 a\u00f1os, profesor Ariel Tremari (viernes 18 a 20 hs.).<\/p>\n\n\n\n<p>\u2022 Viol\u00edn inicial, mayores de 8 a\u00f1os, profesor Mariano C\u00e9spedes (martes 16 a 18 hs.).<\/p>\n\n\n\n<p>\u2022 Pr\u00e1ctica de chacarera para viol\u00edn, mayores de 12 a\u00f1os, profesor Mariano C\u00e9spedes (martes 18 a 20 hs.).<\/p>\n\n\n\n<p>\u2022 Taller afro brasilero, de 12 a 24 a\u00f1os, profesor Nahuel Orellano (lunes y mi\u00e9rcoles de 17.30 a 19.30 hs.) CEPLA, calle Necochea esquina Senzabello, barrio Presidente Sarmiento.<\/p>\n\n\n\n<p>&#8211;<em>Danzas<\/em><\/p>\n\n\n\n<p>\u2022 Danzas folcl\u00f3ricas, mayores de 10 a\u00f1os, profesor Facundo Oviedo (lunes de 18 a 19 hs. y s\u00e1bados de 18 a 20 hs.).<\/p>\n\n\n\n<p>\u2022 Zapateo, mayores de 10 a\u00f1os, profesor Facundo Oviedo (lunes de 19 a 20 h hs.).<\/p>\n\n\n\n<p>\u2022 Esferokinesis, mayores de 15 a\u00f1os, profesora Marilina Galv\u00e1n (viernes 10 a 11.30 hs.).<\/p>\n\n\n\n<p>\u2022 Tango principiantes, mayores de 16 a\u00f1os, profesora Marilina Galv\u00e1n (jueves 18 a 19 hs.).<\/p>\n\n\n\n<p>\u2022 Tango (conocimientos b\u00e1sicos), mayores de 16 a\u00f1os, profesora Marilina Galv\u00e1n (jueves 19 a 20 hs.).<\/p>\n\n\n\n<p>\u2022 Danza cl\u00e1sica, profesora Patricia Nutti, de 8 a 12 a\u00f1os (viernes de 17 a 18 hs. y de 18 a 19 hs.).<\/p>\n\n\n\n<p>\u2022 Folklore para mujeres, mayores de 16 a\u00f1os, profesora Magali Ledesma (martes 19 a 21 hs.).<\/p>\n\n\n\n<p>\u2022 Danzas Folcl\u00f3ricas, mayores de 16 a\u00f1os, profesora Magali Ledesma (viernes 19 a 21 hs.).<\/p>\n\n\n\n<p>\u2022 Danza cl\u00e1sica, mayores de 10 a\u00f1os, profesora Mariela Brianes (martes y jueves 9 a 11 hs.) Inicia el 18\/2.<\/p>\n\n\n\n<p>\u2022 Danza jazz, de 5 a 8 a\u00f1os, profesora \u00c9rica Bravo (mi\u00e9rcoles 17 a 18 hs.).<\/p>\n\n\n\n<p>\u2022 Danza jazz, de 9 a 14 a\u00f1os, profesora \u00c9rica Bravo (mi\u00e9rcoles 18 a 19 hs.).<\/p>\n\n\n\n<p>\u2022 Danza \u00e1rabe, de 6 a 11 a\u00f1os, profesora Roc\u00edo Bentancor (mi\u00e9rcoles 10 a 11 hs.).<\/p>\n\n\n\n<p>\u2022 Danza \u00e1rabe, mayores de 12 a\u00f1os, profesora Roc\u00edo Betancor (mi\u00e9rcoles 11 a 12 hs.).&nbsp;<\/p>\n\n\n\n<p><em>Manualidades<\/em><\/p>\n\n\n\n<p>\u2022 Tejido a dos agujas, mayores de 12 a\u00f1os, profesora Lily L\u00f3pez (lunes 8.30 a 10.30 hs.).<\/p>\n\n\n\n<p>\u2022 Crochet, mayores de 12 a\u00f1os, profesora Elsa Vergara (lunes 8.30 a 10.30 hs.).<\/p>\n\n\n\n<p>\u2022 T\u00e9cnicas mixtas\/manualidades, mayores de 18 a\u00f1os, profesora Teresa Medina G\u00f3mez (lunes y viernes 10 a 12 hs.).<\/p>\n\n\n\n<p>\u2022 Carpinter\u00eda para ni\u00f1os, de 9 a 12 a\u00f1os, profesor V\u00edctor Silva (martes y jueves 9 a 11 hs.).<\/p>\n\n\n\n<p>\u2022 Manualidades para ni\u00f1os, de 7 a 12 a\u00f1os, profesora Florencia V\u00edctor Silva (viernes 13 a 15 y 15 a 17 hs.).<\/p>\n\n\n\n<p>\u2022 Sombrerer\u00eda y tocados, mayores de 18 a\u00f1os, profesor Alfredo Miranda (lunes de 10 a 12 hs.).<\/p>\n\n\n\n<p>\u2022 Ilustraci\u00f3n de figurines, mayores de 16 a\u00f1os, profesor Alfredo Miranda (lunes de 10 a 12 hs.).<\/p>\n\n\n\n<p>\u2022 Mosaiquismo, mayores de 16 a\u00f1os, profesor Gabriel Peralta (lunes de 8 a 10 hs.).<\/p>\n\n\n\n<p><em>Inform\u00e1tica<\/em><\/p>\n\n\n\n<p>\u2022 Excel para principiantes, mayores de 18 a\u00f1os, profesor Jos\u00e9 Ventura (martes y jueves 19 a 21 hs.).<\/p>\n\n\n\n<p>\u2022 Manejo de celular, para adultos mayores, profesora Anal\u00eda Acevedo (martes 9 a 12 hs.).<\/p>\n\n\n\n<p><em>Idiomas<\/em><\/p>\n\n\n\n<p>\u2022 Ingl\u00e9s para principiantes, de 11 a 14 a\u00f1os, profesora Nadia Magliarelli (mi\u00e9rcoles 14 a 15.30 hs.).<\/p>\n\n\n\n<p>\u2022 Ingl\u00e9s para principiantes, de 15 a 18 a\u00f1os, profesora Nadia Migliarelli (mi\u00e9rcoles 15.30 a 17 hs.).<\/p>\n\n\n\n<p>\u2022 Ingl\u00e9s para adultos, mayores de 17 a\u00f1os, profesor Facundo Alga\u00f1araz (lunes y mi\u00e9rcoles 16 a 18 hs.).&nbsp;<\/p>\n\n\n\n<p>\u2022 Franc\u00e9s, mayores de 15 a\u00f1os, profesor Jean Claude Lenouard (s\u00e1bado 8 a 9.30 hs.; 9.30 a 11 y 11 a 12.30 hs.).<\/p>\n\n\n\n<p><em>Teatro<\/em><\/p>\n\n\n\n<p>\u2022 Seminario de arte terapia, dirigido a profesionales de la salud, madres o padres con hijos o familiares con alguna discapacidad, acompa\u00f1antes terap\u00e9uticos, docentes, profesora Elizabeth Verdun (lunes de 14 a 16 hs.).&nbsp;&nbsp;&nbsp;&nbsp;&nbsp;&nbsp;&nbsp;&nbsp;<\/p>\n\n\n\n<p>\u2022 Metacuerpxs, mayores de 18 a\u00f1os, profesores Aldana Gonz\u00e1lez y Javier P\u00e9rez (s\u00e1bados 18 a 20 hs.).&nbsp;<\/p>\n\n\n\n<p>\u2022 Automaquillaje, mayores de 16 a\u00f1os, profesora Marlene Ferlaza (martes 17 a 18.30 hs.).<\/p>\n\n\n\n<p>\u2022 Introducci\u00f3n a la t\u00e9cnica teatral LECOQ (intermedios\/avanzados), mayores de 16 a\u00f1os, profesores Camila Calvi y Franco Galv\u00e1n (mi\u00e9rcoles 19 y 26 de febrero de 19 a 22 hs.).<\/p>\n\n\n\n<p>\u2022 Intensivo de Teatro musical, de 8 a 16 a\u00f1os, profesor Mauro Serrano (lunes 24 de febrero de 17 a 19 hs.).<\/p>\n\n\n\n<p>\u2022 Intensivo de teatro musical, de 5 a 7 a\u00f1os, profesor Mauro Serrano (martes 25 de febrero de 17 a 18.30 hs.).<\/p>\n\n\n\n<p>\u2022 Intensivo de teatro musical, de 14 a 45 a\u00f1os, profesor Mauro Serrano (martes 25 de febrero de 18.30 a 21 hs.).<\/p>\n\n\n\n<p>\u2022 Hacer Shakespeare, mayores de 15 a\u00f1os, profesores Mar\u00eda Jos\u00e9 Mihaljevic y Franco Leicam (jueves 20 y 27 de febrero de 19 a 22 hs.).<\/p>\n\n\n\n<p>\u2022 Taller de interpretaci\u00f3n vocal (canto), mayores de 15 a\u00f1os con o sin experiencia, profesora Lorena Fern\u00e1ndez (jueves 20 y 27 de febrero de 17 a 19 hs.).<\/p>\n\n\n\n<p><em>Oficios<\/em><\/p>\n\n\n\n<p>\u2022 Dise\u00f1o de indumentaria, mayores de 16 a\u00f1os, profesora Camila Dupont (viernes 11 a 13 hs.).<\/p>\n\n\n\n<p>\u2022 Carpinter\u00eda, mayores de 16 a\u00f1os, profesor H\u00e9ctor Leiva (mi\u00e9rcoles y jueves 10 a 12 hs.).<\/p>\n\n\n\n<p>\u2022 Peluquer\u00eda, mayores de 16 a\u00f1o, profesora Gabriel Idilli (jueves de 11 a 13 hs.).<\/p>\n\n\n\n<p>\u2022 Corte y confecci\u00f3n, mayores de 14 a\u00f1os, profesora Cristina L\u00f3pez (mi\u00e9rcoles 13 a 15 hs.).<\/p>\n\n\n\n<p>\u2022 Bordado, mayores de 14 a\u00f1os, profesora Cristina L\u00f3pez (mi\u00e9rcoles 15 a 17 hs.).<\/p>\n\n\n\n<p><strong>Museo Comunitario de Artes Visuales e Hist\u00f3rico (25 de Mayo esquina Chacabuco)<\/strong><\/p>\n\n\n\n<p><em>Artes visuales<\/em><\/p>\n\n\n\n<p>\u2022 Dibujo de paisajes, mayores de 18 a\u00f1os, profesora In\u00e9s Cohelo (lunes 17 a 19 hs.).<\/p>\n\n\n\n<p>\u2022 Dibujo y pintura, de 6 a 12 a\u00f1os, profesor Dar\u00edo Arga\u00f1araz (martes 16.30 a 18.30 hs.).<\/p>\n\n\n\n<p>\u2022 Pintura de paisajes, mayores de 18 a\u00f1os, profesor Lic. Ezequiel Bar\u00f3 (jueves 10 a 12 hs.).<\/p>\n\n\n\n<p>\u2022 Monaquismo por memoria, mayores de 18 a\u00f1os, profesor Diego Candia (jueves 18 a 20 hs.).<\/p>\n\n\n\n<p>\u2022 Arte infantil, mayores de6 a 12 a\u00f1os, profesor Paulo Coronel (viernes 10 a 12 hs.).<\/p>\n\n\n\n<p>\u2022 Armado de libro de autor con foto, mayores de 18 a\u00f1os, profesor Orlando Yba\u00f1ez (viernes 18 a 20 hs.).<\/p>\n","protected":false},"excerpt":{"rendered":"<p>Desde el<\/p>\n","protected":false},"author":1,"featured_media":55381,"comment_status":"closed","ping_status":"closed","sticky":false,"template":"","format":"standard","meta":{"footnotes":""},"categories":[8,3],"tags":[30],"class_list":["post-55380","post","type-post","status-publish","format-standard","has-post-thumbnail","hentry","category-para-agendar","category-regionales","tag-varela"],"_links":{"self":[{"href":"https:\/\/panoramadelsur.com.ar\/index.php?rest_route=\/wp\/v2\/posts\/55380","targetHints":{"allow":["GET"]}}],"collection":[{"href":"https:\/\/panoramadelsur.com.ar\/index.php?rest_route=\/wp\/v2\/posts"}],"about":[{"href":"https:\/\/panoramadelsur.com.ar\/index.php?rest_route=\/wp\/v2\/types\/post"}],"author":[{"embeddable":true,"href":"https:\/\/panoramadelsur.com.ar\/index.php?rest_route=\/wp\/v2\/users\/1"}],"replies":[{"embeddable":true,"href":"https:\/\/panoramadelsur.com.ar\/index.php?rest_route=%2Fwp%2Fv2%2Fcomments&post=55380"}],"version-history":[{"count":1,"href":"https:\/\/panoramadelsur.com.ar\/index.php?rest_route=\/wp\/v2\/posts\/55380\/revisions"}],"predecessor-version":[{"id":55382,"href":"https:\/\/panoramadelsur.com.ar\/index.php?rest_route=\/wp\/v2\/posts\/55380\/revisions\/55382"}],"wp:featuredmedia":[{"embeddable":true,"href":"https:\/\/panoramadelsur.com.ar\/index.php?rest_route=\/wp\/v2\/media\/55381"}],"wp:attachment":[{"href":"https:\/\/panoramadelsur.com.ar\/index.php?rest_route=%2Fwp%2Fv2%2Fmedia&parent=55380"}],"wp:term":[{"taxonomy":"category","embeddable":true,"href":"https:\/\/panoramadelsur.com.ar\/index.php?rest_route=%2Fwp%2Fv2%2Fcategories&post=55380"},{"taxonomy":"post_tag","embeddable":true,"href":"https:\/\/panoramadelsur.com.ar\/index.php?rest_route=%2Fwp%2Fv2%2Ftags&post=55380"}],"curies":[{"name":"wp","href":"https:\/\/api.w.org\/{rel}","templated":true}]}}