{"id":55435,"date":"2025-02-04T01:02:00","date_gmt":"2025-02-04T04:02:00","guid":{"rendered":"https:\/\/panoramadelsur.com.ar\/?p=55435"},"modified":"2025-02-03T20:22:25","modified_gmt":"2025-02-03T23:22:25","slug":"realizaran-un-abrazo-al-ministerio-de-salud-de-la-nacion-en-contra-de-despidos","status":"publish","type":"post","link":"https:\/\/panoramadelsur.com.ar\/?p=55435","title":{"rendered":"REALIZAR\u00c1N UN ABRAZO AL MINISTERIO DE SALUD DE LA NACI\u00d3N EN CONTRA DE DESPIDOS"},"content":{"rendered":"\n<p>Empleados de salud, nucleados en la Asociaci\u00f3n de Trabajadores del Estado (ATE), realizar\u00e1n este martes un abrazo al Ministerio de Salud de la Naci\u00f3n bajo la consigna \u201c<em>Ni un despido en salud: \u00a1no sobra nadie!<\/em>\u201d.<\/p>\n\n\n\n<p>Seg\u00fan los organizadores, la cartera comandada por el ministro Mario Lugones, \u201c<em>es responsable del vaciamiento de \u00e1reas clave<\/em>s\u201d que redujeron su capacidad \u201c<em>debido al despido de m\u00e1s de 360 trabajadores<\/em>\u201d.<\/p>\n\n\n\n<p>\u201c<em>Las pol\u00edticas m\u00e1s afectadas son las destinadas a garantizar la vacunaci\u00f3n de toda la poblaci\u00f3n y la provisi\u00f3n de tratamientos contra VIH, Hepatitis, Tuberculosis y Lepra. Tambi\u00e9n se ven damnificadas la distribuci\u00f3n de medicamentos en hospitales de todo el pa\u00eds, la presencia territorial para atender cat\u00e1strofes tales como incendios o inundaciones, y la prevenci\u00f3n y control de enfermedades transmitidas de animales a humanos<\/em>\u201d, informaron desde ATE Salud.<\/p>\n\n\n\n<p>Paralelamente, manifestaron que, durante su primer a\u00f1o de gesti\u00f3n, el presidente Javier Milei \u201c<em>cort\u00f3 tratamientos contra el c\u00e1ncer y provoc\u00f3 la muerte de decenas de personas<\/em>\u201d.<\/p>\n\n\n\n<p>Asimismo, afirmaron que el Gobierno Nacional \u201c<em>avanza sobre el acceso a la salud\u201d<\/em>&nbsp;y pone \u201c<em>en riesgo<\/em>\u201d a todos los ciudadanos al recortar presupuestos de pol\u00edticas p\u00fablicas que \u201c<em>con compromiso y esfuerzo sostienen trabajadores precarizados<\/em>\u201d, cuyos contratos se renovaron cada tres meses durante el a\u00f1o pasado.<\/p>\n\n\n\n<p>\u201c<em>Cada despedido y despedida cumple funciones esenciales para que los insumos lleguen a cada rinc\u00f3n del pa\u00eds; esta medida pone en peligro su implementaci\u00f3n y vulnera directamente las vidas de sus habitantes. Cabe destacar que la gran mayor\u00eda de las personas despedidas ya rindieron el examen impuesto por el Ministerio de Desregulaci\u00f3n y Transformaci\u00f3n del Estado, el cual aprobaron, demostrando una vez m\u00e1s, por si hiciera falta, su idoneidad<\/em>\u201d, se\u00f1alaron.<\/p>\n\n\n\n<p>Desde ATE Salud, indicaron que estos despidos \u201c<em>no son solo cientos de trabajadores menos<\/em>\u201d sino que son \u201c<em>vidas amenazadas por un Estado que busca servir a una l\u00f3gica de mercado<\/em>\u201d.<\/p>\n\n\n\n<p>\u201c<em>Es el arrasamiento de un sistema de salud hist\u00f3ricamente castigado, que sobrevive gracias al compromiso y la dedicaci\u00f3n de personas como las que desde hoy ven amenazada la posibilidad de llevar un plato de comida a la mesa<\/em>\u201d, plantearon.<\/p>\n\n\n\n<p>La convocatoria se realizar\u00e1 este martes 4 de febrero, a las 11hs, en la puerta del Ministerio de Salud de la Naci\u00f3n (Av. 9 de Julio 1925) y se espera la presencia de personal sanitario, pacientes y autoridades de diversas entidades de salud.<\/p>\n","protected":false},"excerpt":{"rendered":"<p>Empleados de<\/p>\n","protected":false},"author":1,"featured_media":55436,"comment_status":"closed","ping_status":"closed","sticky":false,"template":"","format":"standard","meta":{"footnotes":""},"categories":[4,8],"tags":[59],"class_list":["post-55435","post","type-post","status-publish","format-standard","has-post-thumbnail","hentry","category-nacionales","category-para-agendar","tag-nacionales"],"_links":{"self":[{"href":"https:\/\/panoramadelsur.com.ar\/index.php?rest_route=\/wp\/v2\/posts\/55435","targetHints":{"allow":["GET"]}}],"collection":[{"href":"https:\/\/panoramadelsur.com.ar\/index.php?rest_route=\/wp\/v2\/posts"}],"about":[{"href":"https:\/\/panoramadelsur.com.ar\/index.php?rest_route=\/wp\/v2\/types\/post"}],"author":[{"embeddable":true,"href":"https:\/\/panoramadelsur.com.ar\/index.php?rest_route=\/wp\/v2\/users\/1"}],"replies":[{"embeddable":true,"href":"https:\/\/panoramadelsur.com.ar\/index.php?rest_route=%2Fwp%2Fv2%2Fcomments&post=55435"}],"version-history":[{"count":1,"href":"https:\/\/panoramadelsur.com.ar\/index.php?rest_route=\/wp\/v2\/posts\/55435\/revisions"}],"predecessor-version":[{"id":55437,"href":"https:\/\/panoramadelsur.com.ar\/index.php?rest_route=\/wp\/v2\/posts\/55435\/revisions\/55437"}],"wp:featuredmedia":[{"embeddable":true,"href":"https:\/\/panoramadelsur.com.ar\/index.php?rest_route=\/wp\/v2\/media\/55436"}],"wp:attachment":[{"href":"https:\/\/panoramadelsur.com.ar\/index.php?rest_route=%2Fwp%2Fv2%2Fmedia&parent=55435"}],"wp:term":[{"taxonomy":"category","embeddable":true,"href":"https:\/\/panoramadelsur.com.ar\/index.php?rest_route=%2Fwp%2Fv2%2Fcategories&post=55435"},{"taxonomy":"post_tag","embeddable":true,"href":"https:\/\/panoramadelsur.com.ar\/index.php?rest_route=%2Fwp%2Fv2%2Ftags&post=55435"}],"curies":[{"name":"wp","href":"https:\/\/api.w.org\/{rel}","templated":true}]}}