{"id":55446,"date":"2025-02-04T01:02:00","date_gmt":"2025-02-04T04:02:00","guid":{"rendered":"https:\/\/panoramadelsur.com.ar\/?p=55446"},"modified":"2025-02-03T21:27:31","modified_gmt":"2025-02-04T00:27:31","slug":"la-direccion-municipal-de-faltas-de-berazategui-ya-funciona-en-su-nueva-sede","status":"publish","type":"post","link":"https:\/\/panoramadelsur.com.ar\/?p=55446","title":{"rendered":"LA DIRECCI\u00d3N MUNICIPAL DE FALTAS DE BERAZATEGUI YA FUNCIONA EN SU NUEVA SEDE"},"content":{"rendered":"\n<p><strong>La Municipalidad de Berazategui informa que la Oficina de la Direcci\u00f3n de Faltas ya funciona en su nueva sede de calle 148 e\/ 13 y Av. 14 -N\u00b0 1328-.<\/strong><\/p>\n\n\n\n<p>De esta manera, en el marco de la gesti\u00f3n del intendente municipal Juan Jos\u00e9 Mussi, la Direcci\u00f3n de Faltas -dependiente del \u00e1rea de Asesor\u00eda Letrada- brinda atenci\u00f3n al p\u00fablico en el horario de 8.00 a 14.00, por orden de llegada.<\/p>\n\n\n\n<p>En esta Oficina se pueden realizar distintos tr\u00e1mites, como la obtenci\u00f3n del certificado de Libre Deuda de infracciones de tr\u00e1nsito y comercio; y nomenclaturas catastrales. Para cualquier consulta, los vecinos y vecinas pueden comunicarse al tel\u00e9fono 4356-9200 (Interno 3050). O v\u00eda mail, a&nbsp;<a href=\"mailto:faltasberazategui@gmail.com\">faltasberazategui@gmail.com<\/a>.<\/p>\n","protected":false},"excerpt":{"rendered":"<p>La Municipalidad<\/p>\n","protected":false},"author":1,"featured_media":55447,"comment_status":"closed","ping_status":"closed","sticky":false,"template":"","format":"standard","meta":{"footnotes":""},"categories":[10,3],"tags":[40],"class_list":["post-55446","post","type-post","status-publish","format-standard","has-post-thumbnail","hentry","category-mas-noticias","category-regionales","tag-berazategui"],"_links":{"self":[{"href":"https:\/\/panoramadelsur.com.ar\/index.php?rest_route=\/wp\/v2\/posts\/55446","targetHints":{"allow":["GET"]}}],"collection":[{"href":"https:\/\/panoramadelsur.com.ar\/index.php?rest_route=\/wp\/v2\/posts"}],"about":[{"href":"https:\/\/panoramadelsur.com.ar\/index.php?rest_route=\/wp\/v2\/types\/post"}],"author":[{"embeddable":true,"href":"https:\/\/panoramadelsur.com.ar\/index.php?rest_route=\/wp\/v2\/users\/1"}],"replies":[{"embeddable":true,"href":"https:\/\/panoramadelsur.com.ar\/index.php?rest_route=%2Fwp%2Fv2%2Fcomments&post=55446"}],"version-history":[{"count":1,"href":"https:\/\/panoramadelsur.com.ar\/index.php?rest_route=\/wp\/v2\/posts\/55446\/revisions"}],"predecessor-version":[{"id":55448,"href":"https:\/\/panoramadelsur.com.ar\/index.php?rest_route=\/wp\/v2\/posts\/55446\/revisions\/55448"}],"wp:featuredmedia":[{"embeddable":true,"href":"https:\/\/panoramadelsur.com.ar\/index.php?rest_route=\/wp\/v2\/media\/55447"}],"wp:attachment":[{"href":"https:\/\/panoramadelsur.com.ar\/index.php?rest_route=%2Fwp%2Fv2%2Fmedia&parent=55446"}],"wp:term":[{"taxonomy":"category","embeddable":true,"href":"https:\/\/panoramadelsur.com.ar\/index.php?rest_route=%2Fwp%2Fv2%2Fcategories&post=55446"},{"taxonomy":"post_tag","embeddable":true,"href":"https:\/\/panoramadelsur.com.ar\/index.php?rest_route=%2Fwp%2Fv2%2Ftags&post=55446"}],"curies":[{"name":"wp","href":"https:\/\/api.w.org\/{rel}","templated":true}]}}