{"id":55452,"date":"2025-02-04T01:04:00","date_gmt":"2025-02-04T04:04:00","guid":{"rendered":"https:\/\/panoramadelsur.com.ar\/?p=55452"},"modified":"2025-02-03T21:38:09","modified_gmt":"2025-02-04T00:38:09","slug":"nueva-jornada-del-mercado-de-productores-familiares-en-berazategui","status":"publish","type":"post","link":"https:\/\/panoramadelsur.com.ar\/?p=55452","title":{"rendered":"NUEVA JORNADA DEL MERCADO DE PRODUCTORES FAMILIARES EN BERAZATEGUI"},"content":{"rendered":"\n<p>Este martes 4 de febrero, el Mercado de Productores Familiares se encontrar\u00e1 en el Centro de Jubilados y Pensionados Amanecer (calle 128 y 57), del barrio Kennedy Sur. All\u00ed se ofrecer\u00e1n carnes, frutas y verduras a precios populares, en el horario de 9.00 a 13.00. Se suspender\u00e1 en caso de malas condiciones clim\u00e1ticas.<\/p>\n\n\n\n<p>Esta es una iniciativa que lleva adelante el Ministerio de Desarrollo de la Comunidad de la provincia de Buenos Aires; y se desarrolla en Berazategui gracias a la gesti\u00f3n del intendente Juan Jos\u00e9 Mussi.<\/p>\n\n\n\n<p>Est\u00e1 abierta a toda la comunidad y permite establecer una relaci\u00f3n directa, sin intermediarios, entre el comprador y el productor. Asimismo, abonando con la App Cuenta DNI, los vecinos y vecinas tendr\u00e1n la posibilidad de acceder a un 40% de ahorro.<\/p>\n","protected":false},"excerpt":{"rendered":"<p>Este martes<\/p>\n","protected":false},"author":1,"featured_media":55453,"comment_status":"closed","ping_status":"closed","sticky":false,"template":"","format":"standard","meta":{"footnotes":""},"categories":[8,3],"tags":[40],"class_list":["post-55452","post","type-post","status-publish","format-standard","has-post-thumbnail","hentry","category-para-agendar","category-regionales","tag-berazategui"],"_links":{"self":[{"href":"https:\/\/panoramadelsur.com.ar\/index.php?rest_route=\/wp\/v2\/posts\/55452","targetHints":{"allow":["GET"]}}],"collection":[{"href":"https:\/\/panoramadelsur.com.ar\/index.php?rest_route=\/wp\/v2\/posts"}],"about":[{"href":"https:\/\/panoramadelsur.com.ar\/index.php?rest_route=\/wp\/v2\/types\/post"}],"author":[{"embeddable":true,"href":"https:\/\/panoramadelsur.com.ar\/index.php?rest_route=\/wp\/v2\/users\/1"}],"replies":[{"embeddable":true,"href":"https:\/\/panoramadelsur.com.ar\/index.php?rest_route=%2Fwp%2Fv2%2Fcomments&post=55452"}],"version-history":[{"count":1,"href":"https:\/\/panoramadelsur.com.ar\/index.php?rest_route=\/wp\/v2\/posts\/55452\/revisions"}],"predecessor-version":[{"id":55454,"href":"https:\/\/panoramadelsur.com.ar\/index.php?rest_route=\/wp\/v2\/posts\/55452\/revisions\/55454"}],"wp:featuredmedia":[{"embeddable":true,"href":"https:\/\/panoramadelsur.com.ar\/index.php?rest_route=\/wp\/v2\/media\/55453"}],"wp:attachment":[{"href":"https:\/\/panoramadelsur.com.ar\/index.php?rest_route=%2Fwp%2Fv2%2Fmedia&parent=55452"}],"wp:term":[{"taxonomy":"category","embeddable":true,"href":"https:\/\/panoramadelsur.com.ar\/index.php?rest_route=%2Fwp%2Fv2%2Fcategories&post=55452"},{"taxonomy":"post_tag","embeddable":true,"href":"https:\/\/panoramadelsur.com.ar\/index.php?rest_route=%2Fwp%2Fv2%2Ftags&post=55452"}],"curies":[{"name":"wp","href":"https:\/\/api.w.org\/{rel}","templated":true}]}}