{"id":55455,"date":"2025-02-04T01:09:00","date_gmt":"2025-02-04T04:09:00","guid":{"rendered":"https:\/\/panoramadelsur.com.ar\/?p=55455"},"modified":"2025-02-03T21:46:12","modified_gmt":"2025-02-04T00:46:12","slug":"varela-reconstruccion-de-la-calle-general-hornos","status":"publish","type":"post","link":"https:\/\/panoramadelsur.com.ar\/?p=55455","title":{"rendered":"VARELA: RECONSTRUCCI\u00d3N DE LA CALLE GENERAL HORNOS"},"content":{"rendered":"\n<p>Con recursos propios, el Municipio ejecuta la reparaci\u00f3n del pavimento, con obra hidr\u00e1ulica complementaria, en una arteria vehicular central de conexi\u00f3n en Curva de Ch\u00e1vez Norte, 5 de Enero y La Colorada Este.<\/p>\n\n\n\n<p>Los trabajos contemplan la reconstrucci\u00f3n de cuatro bocacalles, en una intervenci\u00f3n de m\u00e1s de 1600 m2. Cuentan con un porcentaje de avance del 50%. El proyecto prev\u00e9 mejorar el tr\u00e1nsito en una v\u00eda de gran afluencia con circulaci\u00f3n de veh\u00edculos pesados y transporte p\u00fablico.<\/p>\n\n\n\n<p>Gustavo Paz, subsecretario de Infraestructura, indica: \u201cEstas esquinas suelen acumular mucha agua por lo que giramos 90\u00ba el sentido de escurrimiento y as\u00ed lo orientamos a dos sumideros cercanos a fin de solucionar los problemas de anegamientos\u201d. Por otra parte, se\u00f1ala \u00abun relevamiento de postes y estado de luminarias, barrido, instalaci\u00f3n de ca\u00f1er\u00edas, saneamiento de arroyo\u00bb.<\/p>\n\n\n\n<p>Carlos y Graciela, radicados en las inmediaciones desde 1988, valoran \u00abuna zona m\u00e1s limpia y ordenada\u00bb. Refieren a lo \u201cnecesario\u201d del arreglo \u201cporque es el asfalto que utilizamos para ir al m\u00e9dico e ir a trabajar, adem\u00e1s del camino del colectivo\u201d.<\/p>\n\n\n\n<p>Sergio, comerciante, reconoce como \u201cbuen\u00edsimas\u00bb las labores \u00abpara posibilitar el paso de m\u00e1s gente y autos\u201d.<\/p>\n\n\n\n<p>Claudio, jubilado, destaca a \u00abun Intendente que genera acciones beneficiosas para la comunidad\u00bb. \u00abEstamos contentos por el crecimiento del barrio\u00bb, agrega.<\/p>\n","protected":false},"excerpt":{"rendered":"<p>Con recursos<\/p>\n","protected":false},"author":1,"featured_media":55456,"comment_status":"closed","ping_status":"closed","sticky":false,"template":"","format":"standard","meta":{"footnotes":""},"categories":[3],"tags":[30],"class_list":["post-55455","post","type-post","status-publish","format-standard","has-post-thumbnail","hentry","category-regionales","tag-varela"],"_links":{"self":[{"href":"https:\/\/panoramadelsur.com.ar\/index.php?rest_route=\/wp\/v2\/posts\/55455","targetHints":{"allow":["GET"]}}],"collection":[{"href":"https:\/\/panoramadelsur.com.ar\/index.php?rest_route=\/wp\/v2\/posts"}],"about":[{"href":"https:\/\/panoramadelsur.com.ar\/index.php?rest_route=\/wp\/v2\/types\/post"}],"author":[{"embeddable":true,"href":"https:\/\/panoramadelsur.com.ar\/index.php?rest_route=\/wp\/v2\/users\/1"}],"replies":[{"embeddable":true,"href":"https:\/\/panoramadelsur.com.ar\/index.php?rest_route=%2Fwp%2Fv2%2Fcomments&post=55455"}],"version-history":[{"count":1,"href":"https:\/\/panoramadelsur.com.ar\/index.php?rest_route=\/wp\/v2\/posts\/55455\/revisions"}],"predecessor-version":[{"id":55457,"href":"https:\/\/panoramadelsur.com.ar\/index.php?rest_route=\/wp\/v2\/posts\/55455\/revisions\/55457"}],"wp:featuredmedia":[{"embeddable":true,"href":"https:\/\/panoramadelsur.com.ar\/index.php?rest_route=\/wp\/v2\/media\/55456"}],"wp:attachment":[{"href":"https:\/\/panoramadelsur.com.ar\/index.php?rest_route=%2Fwp%2Fv2%2Fmedia&parent=55455"}],"wp:term":[{"taxonomy":"category","embeddable":true,"href":"https:\/\/panoramadelsur.com.ar\/index.php?rest_route=%2Fwp%2Fv2%2Fcategories&post=55455"},{"taxonomy":"post_tag","embeddable":true,"href":"https:\/\/panoramadelsur.com.ar\/index.php?rest_route=%2Fwp%2Fv2%2Ftags&post=55455"}],"curies":[{"name":"wp","href":"https:\/\/api.w.org\/{rel}","templated":true}]}}