{"id":55552,"date":"2025-02-14T01:01:00","date_gmt":"2025-02-14T04:01:00","guid":{"rendered":"https:\/\/panoramadelsur.com.ar\/?p=55552"},"modified":"2025-02-10T12:21:51","modified_gmt":"2025-02-10T15:21:51","slug":"continua-mercado-vecino-en-el-pato","status":"publish","type":"post","link":"https:\/\/panoramadelsur.com.ar\/?p=55552","title":{"rendered":"CONTIN\u00daA MERCADO VECINO EN EL PATO"},"content":{"rendered":"\n<p class=\"wp-block-paragraph\"><strong>Mercado Vecino, la Feria municipal de Berazategui, sigue con su punto fijo en la localidad de El Pato, todos los s\u00e1bados de 08.00 a 13.00, en la Plaza Pato Ganso (529 y 630). All\u00ed, los vecinos y vecinas acceden a frutas y verduras de estaci\u00f3n a precios accesibles.<\/strong><\/p>\n\n\n\n<p class=\"wp-block-paragraph\">Esta Feria es una iniciativa del intendente de Berazategui, Juan Jos\u00e9 Mussi, con el fin de brindarle una oportunidad tanto a los productores locales, que ofrecen sus productos sin intermediarios; como a los berazateguenses, que adquieren mercader\u00eda saludable y econ\u00f3mica.<\/p>\n\n\n\n<p class=\"wp-block-paragraph\">Adem\u00e1s, Mercado Vecino est\u00e1 los lunes en la Plaza Rigolleau (Av. 14 y Lisandro de la Torre), de 8.00 a 13.00.<\/p>\n\n\n\n<p class=\"wp-block-paragraph\">Se puede obtener m\u00e1s informaci\u00f3n en&nbsp;<a rel=\"noreferrer noopener\" target=\"_blank\" href=\"http:\/\/berazategui.gob.ar\/mercadovecino\">berazategui.gob.ar\/mercadovecino<\/a>.<\/p>\n","protected":false},"excerpt":{"rendered":"<p>Mercado Vecino,<\/p>\n","protected":false},"author":1,"featured_media":55553,"comment_status":"closed","ping_status":"closed","sticky":false,"template":"","format":"standard","meta":{"footnotes":""},"categories":[8,3],"tags":[40],"class_list":["post-55552","post","type-post","status-publish","format-standard","has-post-thumbnail","hentry","category-para-agendar","category-regionales","tag-berazategui"],"_links":{"self":[{"href":"https:\/\/panoramadelsur.com.ar\/index.php?rest_route=\/wp\/v2\/posts\/55552","targetHints":{"allow":["GET"]}}],"collection":[{"href":"https:\/\/panoramadelsur.com.ar\/index.php?rest_route=\/wp\/v2\/posts"}],"about":[{"href":"https:\/\/panoramadelsur.com.ar\/index.php?rest_route=\/wp\/v2\/types\/post"}],"author":[{"embeddable":true,"href":"https:\/\/panoramadelsur.com.ar\/index.php?rest_route=\/wp\/v2\/users\/1"}],"replies":[{"embeddable":true,"href":"https:\/\/panoramadelsur.com.ar\/index.php?rest_route=%2Fwp%2Fv2%2Fcomments&post=55552"}],"version-history":[{"count":1,"href":"https:\/\/panoramadelsur.com.ar\/index.php?rest_route=\/wp\/v2\/posts\/55552\/revisions"}],"predecessor-version":[{"id":55554,"href":"https:\/\/panoramadelsur.com.ar\/index.php?rest_route=\/wp\/v2\/posts\/55552\/revisions\/55554"}],"wp:featuredmedia":[{"embeddable":true,"href":"https:\/\/panoramadelsur.com.ar\/index.php?rest_route=\/wp\/v2\/media\/55553"}],"wp:attachment":[{"href":"https:\/\/panoramadelsur.com.ar\/index.php?rest_route=%2Fwp%2Fv2%2Fmedia&parent=55552"}],"wp:term":[{"taxonomy":"category","embeddable":true,"href":"https:\/\/panoramadelsur.com.ar\/index.php?rest_route=%2Fwp%2Fv2%2Fcategories&post=55552"},{"taxonomy":"post_tag","embeddable":true,"href":"https:\/\/panoramadelsur.com.ar\/index.php?rest_route=%2Fwp%2Fv2%2Ftags&post=55552"}],"curies":[{"name":"wp","href":"https:\/\/api.w.org\/{rel}","templated":true}]}}