{"id":55609,"date":"2025-02-14T01:03:00","date_gmt":"2025-02-14T04:03:00","guid":{"rendered":"https:\/\/panoramadelsur.com.ar\/?p=55609"},"modified":"2025-02-11T19:57:59","modified_gmt":"2025-02-11T22:57:59","slug":"plaza-creatividad-y-colores-en-varela","status":"publish","type":"post","link":"https:\/\/panoramadelsur.com.ar\/?p=55609","title":{"rendered":"PLAZA, CREATIVIDAD Y COLORES EN VARELA"},"content":{"rendered":"\n<p class=\"wp-block-paragraph\">La Comuna propone una nueva edici\u00f3n del concurso gratuito al aire libre \u201cVarela Pinta\u201d, con el encuentro \u201cArte en la calle\u201d como contexto, el s\u00e1bado 15 de febrero de 12 a 19 hs. en el museo municipal situado en 25 de Mayo esquina Chacabuco.<\/p>\n\n\n\n<p class=\"wp-block-paragraph\">Mauro Prado, subdirector de Artes Visuales, comenta: \u201cTalentos locales expondr\u00e1n sus obras frente a la dependencia\u201d. \u201cParticipar\u00e1 la banda de cumbia \u00b4El Rejunte\u00b4 y habr\u00e1 batallas en vivo de Freestyle\u201d, a\u00f1ade.<\/p>\n\n\n\n<p class=\"wp-block-paragraph\">\u201cEl certamen tiene como objetivo que los y las participantes retraten con su impronta la renovada plaza San Juan Bautista\u201d, detalla el coordinador. Convoca a \u201cinfancias, juventudes y personas adultas a expresarse a cielo abierto\u201d. \u201cAl finalizar, un jurado elegir\u00e1 a los y las mejores en cada categor\u00eda\u201d, aclara.<\/p>\n\n\n\n<p class=\"wp-block-paragraph\">La inscripci\u00f3n ser\u00e1 el mismo d\u00eda. Para m\u00e1s informaci\u00f3n, consultar v\u00eda correo electr\u00f3nico: artesvisuales.fv@gmail.com.<\/p>\n","protected":false},"excerpt":{"rendered":"<p>La Comuna<\/p>\n","protected":false},"author":1,"featured_media":55610,"comment_status":"closed","ping_status":"closed","sticky":false,"template":"","format":"standard","meta":{"footnotes":""},"categories":[8,3],"tags":[30],"class_list":["post-55609","post","type-post","status-publish","format-standard","has-post-thumbnail","hentry","category-para-agendar","category-regionales","tag-varela"],"_links":{"self":[{"href":"https:\/\/panoramadelsur.com.ar\/index.php?rest_route=\/wp\/v2\/posts\/55609","targetHints":{"allow":["GET"]}}],"collection":[{"href":"https:\/\/panoramadelsur.com.ar\/index.php?rest_route=\/wp\/v2\/posts"}],"about":[{"href":"https:\/\/panoramadelsur.com.ar\/index.php?rest_route=\/wp\/v2\/types\/post"}],"author":[{"embeddable":true,"href":"https:\/\/panoramadelsur.com.ar\/index.php?rest_route=\/wp\/v2\/users\/1"}],"replies":[{"embeddable":true,"href":"https:\/\/panoramadelsur.com.ar\/index.php?rest_route=%2Fwp%2Fv2%2Fcomments&post=55609"}],"version-history":[{"count":1,"href":"https:\/\/panoramadelsur.com.ar\/index.php?rest_route=\/wp\/v2\/posts\/55609\/revisions"}],"predecessor-version":[{"id":55611,"href":"https:\/\/panoramadelsur.com.ar\/index.php?rest_route=\/wp\/v2\/posts\/55609\/revisions\/55611"}],"wp:featuredmedia":[{"embeddable":true,"href":"https:\/\/panoramadelsur.com.ar\/index.php?rest_route=\/wp\/v2\/media\/55610"}],"wp:attachment":[{"href":"https:\/\/panoramadelsur.com.ar\/index.php?rest_route=%2Fwp%2Fv2%2Fmedia&parent=55609"}],"wp:term":[{"taxonomy":"category","embeddable":true,"href":"https:\/\/panoramadelsur.com.ar\/index.php?rest_route=%2Fwp%2Fv2%2Fcategories&post=55609"},{"taxonomy":"post_tag","embeddable":true,"href":"https:\/\/panoramadelsur.com.ar\/index.php?rest_route=%2Fwp%2Fv2%2Ftags&post=55609"}],"curies":[{"name":"wp","href":"https:\/\/api.w.org\/{rel}","templated":true}]}}