{"id":55651,"date":"2025-02-14T01:00:00","date_gmt":"2025-02-14T04:00:00","guid":{"rendered":"https:\/\/panoramadelsur.com.ar\/?p=55651"},"modified":"2025-02-13T17:53:27","modified_gmt":"2025-02-13T20:53:27","slug":"melodias-que-enamoran-en-varela","status":"publish","type":"post","link":"https:\/\/panoramadelsur.com.ar\/?p=55651","title":{"rendered":"MELOD\u00cdAS QUE ENAMORAN EN VARELA"},"content":{"rendered":"\n<p class=\"wp-block-paragraph\">El Ejecutivo local invita al primer concierto gratuito del a\u00f1o que ofrecer\u00e1 la Orquesta Sinf\u00f3nica Municipal, este 14 de febrero a las 20 hs. en el patio de la Casa de la Cultura -calle Mitre N\u00ba149-.<\/p>\n\n\n\n<p class=\"wp-block-paragraph\">Instrumentistas de cuerdas, metales, viento y percusi\u00f3n, con direcci\u00f3n del maestro Mat\u00edas Cano, interpretar\u00e1n grandes relatos de amor como las oberturas de \u201cLa forza del destino\u201d de Giuseppe Verdi y la de \u201cRomeo y Julieta\u201d de Piotr Tchaikovski.<\/p>\n\n\n\n<p class=\"wp-block-paragraph\">El repertorio tambi\u00e9n tendr\u00e1 fragmentos de \u201cWest Side Story\u201d del compositor Leonard Bernstein m\u00e1s una sorpresa: una canci\u00f3n de la famosa saga de John Williams, creador estadounidense de reconocidas bandas sonoras de la industria cinematogr\u00e1fica.<\/p>\n\n\n\n<p class=\"wp-block-paragraph\">Leandro Zaworotny, a cargo de Actividades Musicales, enfatiza en \u00abun ensamble compuesto por artistas profesionales, de quienes estamos orgullosos\u00bb. \u00abOfrecer\u00e1n piezas rom\u00e1nticas acordes a la fecha de los enamorados y las enamoradas\u00bb, expresa.<\/p>\n\n\n\n<p class=\"wp-block-paragraph\">Evelyn es de Bosques. Toca la viola desde hace tres a\u00f1os en la formaci\u00f3n comunal. La joven asegura: \u201cEstoy nerviosa, pero con mucha energ\u00eda para la presentaci\u00f3n\u201d. Recuerda \u201censayos intensos de estas semanas que incluyen parciales de cuerdas, as\u00ed como pr\u00e1ctica con los y las cantantes\u201d.<\/p>\n\n\n\n<p class=\"wp-block-paragraph\">Andrea saluda con dos besos a sus compa\u00f1eros y compa\u00f1eras porque es de Corrientes como su hermano Sergio. Ambos sumar\u00e1n su aporte vocal a la puesta del viernes. Manifiestan: \u201cFlorencio Varela nos da la oportunidad de mostrar nuestro arte. Nos sentimos agradecidos\u201d.<\/p>\n\n\n\n<p class=\"wp-block-paragraph\">Lucila, tercera soprano, cuenta que est\u00e1 \u201cansiosa y feliz\u201d. La chica destaca \u201cuna selecci\u00f3n de temas exquisita\u201d.<\/p>\n\n\n\n<p class=\"wp-block-paragraph\">Los tres vocalistas indican su participaci\u00f3n en el evento con el deseo de sumar \u00aba la parte orquestada las voces de los protagonistas del film, reversionado en 2023 y renombrado `Amor sin barreras\u00b4\u00bb.&nbsp; \u201cNo pierdan la posibilidad de escuchar el show ya que suena espectacular, alucinante\u201d, anticipan.<\/p>\n","protected":false},"excerpt":{"rendered":"<p>El Ejecutivo<\/p>\n","protected":false},"author":1,"featured_media":55652,"comment_status":"closed","ping_status":"closed","sticky":false,"template":"","format":"standard","meta":{"footnotes":""},"categories":[8,3],"tags":[30],"class_list":["post-55651","post","type-post","status-publish","format-standard","has-post-thumbnail","hentry","category-para-agendar","category-regionales","tag-varela"],"_links":{"self":[{"href":"https:\/\/panoramadelsur.com.ar\/index.php?rest_route=\/wp\/v2\/posts\/55651","targetHints":{"allow":["GET"]}}],"collection":[{"href":"https:\/\/panoramadelsur.com.ar\/index.php?rest_route=\/wp\/v2\/posts"}],"about":[{"href":"https:\/\/panoramadelsur.com.ar\/index.php?rest_route=\/wp\/v2\/types\/post"}],"author":[{"embeddable":true,"href":"https:\/\/panoramadelsur.com.ar\/index.php?rest_route=\/wp\/v2\/users\/1"}],"replies":[{"embeddable":true,"href":"https:\/\/panoramadelsur.com.ar\/index.php?rest_route=%2Fwp%2Fv2%2Fcomments&post=55651"}],"version-history":[{"count":1,"href":"https:\/\/panoramadelsur.com.ar\/index.php?rest_route=\/wp\/v2\/posts\/55651\/revisions"}],"predecessor-version":[{"id":55653,"href":"https:\/\/panoramadelsur.com.ar\/index.php?rest_route=\/wp\/v2\/posts\/55651\/revisions\/55653"}],"wp:featuredmedia":[{"embeddable":true,"href":"https:\/\/panoramadelsur.com.ar\/index.php?rest_route=\/wp\/v2\/media\/55652"}],"wp:attachment":[{"href":"https:\/\/panoramadelsur.com.ar\/index.php?rest_route=%2Fwp%2Fv2%2Fmedia&parent=55651"}],"wp:term":[{"taxonomy":"category","embeddable":true,"href":"https:\/\/panoramadelsur.com.ar\/index.php?rest_route=%2Fwp%2Fv2%2Fcategories&post=55651"},{"taxonomy":"post_tag","embeddable":true,"href":"https:\/\/panoramadelsur.com.ar\/index.php?rest_route=%2Fwp%2Fv2%2Ftags&post=55651"}],"curies":[{"name":"wp","href":"https:\/\/api.w.org\/{rel}","templated":true}]}}