{"id":55702,"date":"2025-02-18T01:03:00","date_gmt":"2025-02-18T04:03:00","guid":{"rendered":"https:\/\/panoramadelsur.com.ar\/?p=55702"},"modified":"2025-02-17T20:14:57","modified_gmt":"2025-02-17T23:14:57","slug":"promocion-kit-escolar-2025-en-florencio-varela","status":"publish","type":"post","link":"https:\/\/panoramadelsur.com.ar\/?p=55702","title":{"rendered":"PROMOCI\u00d3N \u00abKIT ESCOLAR\u00bb 2025 EN FLORENCIO VARELA"},"content":{"rendered":"\n<p>El gobierno varelense implementa una nueva edici\u00f3n de la iniciativa correspondiente al programa \u00abMercado Activo\u00bb con adhesi\u00f3n de diferentes librer\u00edas del partido para adquirir el combo con productos indispensables en el comienzo de clases a precio promocional: $10.000.<\/p>\n\n\n\n<p>La m\u00e1xima autoridad distrital -Andr\u00e9s Watson- puntualiza en \u201cla importancia de fomentar este tipo de propuestas en pos no s\u00f3lo de beneficiar a la ciudadan\u00eda sino tambi\u00e9n impulsar el consumo local en el contexto econ\u00f3mico y social actual\u201d.<\/p>\n\n\n\n<p>El kit \u201cPrimaria\u201d incluye: 2 cuadernos -de tapa dura y blanda-, 1 lapicera borrable azul, 1 caja de 12 l\u00e1pices de colores, 1 pack de 10 fibras, 1 pegamento adhesivo, 1 sacapuntas, 1 goma de borrar, 1 l\u00e1piz negro, 1 regla.<\/p>\n\n\n\n<p>Por su parte, la canasta \u201cSecundaria\u201d tiene: 1 block de hojas rayadas y 1 de cuadriculadas, 1 carpeta negra m\u00e1s aros, 10 folios N\u00ba 5, 1 repuesto de hojas Canson N\u00ba 3, 1 l\u00e1piz negro, 1 goma de borrar, 3 lapiceras de colores, 1 resaltador, 1 corrector.<\/p>\n\n\n\n<p>Para conocer los comercios adheridos, ingresar en <a href=\"https:\/\/florenciovarela.gov.ar\/mercadoactivo\/\">varela.gob.ar\/mercadoactivo<\/a><\/p>\n","protected":false},"excerpt":{"rendered":"<p>El gobierno<\/p>\n","protected":false},"author":1,"featured_media":55703,"comment_status":"closed","ping_status":"closed","sticky":false,"template":"","format":"standard","meta":{"footnotes":""},"categories":[8,3],"tags":[30],"class_list":["post-55702","post","type-post","status-publish","format-standard","has-post-thumbnail","hentry","category-para-agendar","category-regionales","tag-varela"],"_links":{"self":[{"href":"https:\/\/panoramadelsur.com.ar\/index.php?rest_route=\/wp\/v2\/posts\/55702","targetHints":{"allow":["GET"]}}],"collection":[{"href":"https:\/\/panoramadelsur.com.ar\/index.php?rest_route=\/wp\/v2\/posts"}],"about":[{"href":"https:\/\/panoramadelsur.com.ar\/index.php?rest_route=\/wp\/v2\/types\/post"}],"author":[{"embeddable":true,"href":"https:\/\/panoramadelsur.com.ar\/index.php?rest_route=\/wp\/v2\/users\/1"}],"replies":[{"embeddable":true,"href":"https:\/\/panoramadelsur.com.ar\/index.php?rest_route=%2Fwp%2Fv2%2Fcomments&post=55702"}],"version-history":[{"count":1,"href":"https:\/\/panoramadelsur.com.ar\/index.php?rest_route=\/wp\/v2\/posts\/55702\/revisions"}],"predecessor-version":[{"id":55704,"href":"https:\/\/panoramadelsur.com.ar\/index.php?rest_route=\/wp\/v2\/posts\/55702\/revisions\/55704"}],"wp:featuredmedia":[{"embeddable":true,"href":"https:\/\/panoramadelsur.com.ar\/index.php?rest_route=\/wp\/v2\/media\/55703"}],"wp:attachment":[{"href":"https:\/\/panoramadelsur.com.ar\/index.php?rest_route=%2Fwp%2Fv2%2Fmedia&parent=55702"}],"wp:term":[{"taxonomy":"category","embeddable":true,"href":"https:\/\/panoramadelsur.com.ar\/index.php?rest_route=%2Fwp%2Fv2%2Fcategories&post=55702"},{"taxonomy":"post_tag","embeddable":true,"href":"https:\/\/panoramadelsur.com.ar\/index.php?rest_route=%2Fwp%2Fv2%2Ftags&post=55702"}],"curies":[{"name":"wp","href":"https:\/\/api.w.org\/{rel}","templated":true}]}}