{"id":55742,"date":"2025-02-18T01:03:00","date_gmt":"2025-02-18T04:03:00","guid":{"rendered":"https:\/\/panoramadelsur.com.ar\/?p=55742"},"modified":"2025-02-18T18:08:11","modified_gmt":"2025-02-18T21:08:11","slug":"con-gran-exito-finalizaron-las-colonias-municipales-de-verano","status":"publish","type":"post","link":"https:\/\/panoramadelsur.com.ar\/?p=55742","title":{"rendered":"CON GRAN \u00c9XITO FINALIZARON LAS COLONIAS MUNICIPALES DE VERANO"},"content":{"rendered":"\n<p><strong>Se realiz\u00f3 el cierre de las Colonias municipales de Verano de Berazategui, a las que este a\u00f1o asistieron cerca de 6.500 ni\u00f1os, ni\u00f1as, adolescentes, personas mayores y personas con discapacidad. Durante enero y parte de febrero disfrutaron de las actividades gratuitas en el Complejo Municipal Los Privilegiados.<\/strong><\/p>\n\n\n\n<p>Esta iniciativa es impulsada desde hace m\u00e1s de 20 a\u00f1os por el intendente Juan Jos\u00e9 Mussi y organizada por la Secretar\u00eda de Desarrollo Social, Recreaci\u00f3n, Turismo y Deportes, a cargo de Mar\u00eda Laura Lacava. La Municipalidad, adem\u00e1s, brinda el servicio gratuito de micros que pasan a buscar a los vecinos y vecinas por los barrios y, al final del d\u00eda, los llevan de regreso.<\/p>\n\n\n\n<p>Mar\u00eda Laura Lacava, a cargo de la organizaci\u00f3n de las Colonias, expres\u00f3: \u201cDesde la Municipalidad estamos muy felices de poder llevar a cabo esta pol\u00edtica p\u00fablica impulsada por Juan Jos\u00e9 Mussi. A las colonias asistieron vecinos y vecinas de todas las edades, que disfrutaron de un lugar hermoso y m\u00e1gico como el Complejo Los Privilegiados.<\/p>\n\n\n\n<p>Asimismo, la Secretaria de Desarrollo Social destac\u00f3: \u201cGracias a todos los que confiaron en nosotros una vez m\u00e1s. Sentimos mucha alegr\u00eda y orgullo por el trabajo realizado a trav\u00e9s de esta gesti\u00f3n municipal que hace tanto por sus vecinos y vecinas\u201d.<\/p>\n\n\n\n<p>En tanto, uno de los ni\u00f1os que particip\u00f3, Nicol\u00e1s Arga\u00f1araz, afirm\u00f3: \u201cEstos d\u00edas los pas\u00e9 muy bien. Aprend\u00ed a nadar y conoc\u00ed juegos que desconoc\u00eda. Los profesores son geniales. Me divert\u00ed much\u00edsimo\u201d.<\/p>\n\n\n\n<p>En tres contingentes, los asistentes a las colonias disfrutaron de Los Privilegiados, un predio municipal conformado por 17 hect\u00e1reas, que cuentan con amplios espacios verdes rodeados de \u00e1rboles, tres piscinas, canchas y SUM. All\u00ed se realizaron juegos, talleres y actividades recreativas organizadas por profesionales, docentes de educaci\u00f3n f\u00edsica y guardavidas.<\/p>\n","protected":false},"excerpt":{"rendered":"<p>Se realiz\u00f3<\/p>\n","protected":false},"author":1,"featured_media":55743,"comment_status":"closed","ping_status":"closed","sticky":false,"template":"","format":"standard","meta":{"footnotes":""},"categories":[10,3],"tags":[40],"class_list":["post-55742","post","type-post","status-publish","format-standard","has-post-thumbnail","hentry","category-mas-noticias","category-regionales","tag-berazategui"],"_links":{"self":[{"href":"https:\/\/panoramadelsur.com.ar\/index.php?rest_route=\/wp\/v2\/posts\/55742","targetHints":{"allow":["GET"]}}],"collection":[{"href":"https:\/\/panoramadelsur.com.ar\/index.php?rest_route=\/wp\/v2\/posts"}],"about":[{"href":"https:\/\/panoramadelsur.com.ar\/index.php?rest_route=\/wp\/v2\/types\/post"}],"author":[{"embeddable":true,"href":"https:\/\/panoramadelsur.com.ar\/index.php?rest_route=\/wp\/v2\/users\/1"}],"replies":[{"embeddable":true,"href":"https:\/\/panoramadelsur.com.ar\/index.php?rest_route=%2Fwp%2Fv2%2Fcomments&post=55742"}],"version-history":[{"count":1,"href":"https:\/\/panoramadelsur.com.ar\/index.php?rest_route=\/wp\/v2\/posts\/55742\/revisions"}],"predecessor-version":[{"id":55744,"href":"https:\/\/panoramadelsur.com.ar\/index.php?rest_route=\/wp\/v2\/posts\/55742\/revisions\/55744"}],"wp:featuredmedia":[{"embeddable":true,"href":"https:\/\/panoramadelsur.com.ar\/index.php?rest_route=\/wp\/v2\/media\/55743"}],"wp:attachment":[{"href":"https:\/\/panoramadelsur.com.ar\/index.php?rest_route=%2Fwp%2Fv2%2Fmedia&parent=55742"}],"wp:term":[{"taxonomy":"category","embeddable":true,"href":"https:\/\/panoramadelsur.com.ar\/index.php?rest_route=%2Fwp%2Fv2%2Fcategories&post=55742"},{"taxonomy":"post_tag","embeddable":true,"href":"https:\/\/panoramadelsur.com.ar\/index.php?rest_route=%2Fwp%2Fv2%2Ftags&post=55742"}],"curies":[{"name":"wp","href":"https:\/\/api.w.org\/{rel}","templated":true}]}}