{"id":55773,"date":"2025-02-21T01:05:00","date_gmt":"2025-02-21T04:05:00","guid":{"rendered":"https:\/\/panoramadelsur.com.ar\/?p=55773"},"modified":"2025-02-20T17:14:32","modified_gmt":"2025-02-20T20:14:32","slug":"el-costo-de-crianza-se-incremento-por-debajo-del-indice-de-precios-en-enero","status":"publish","type":"post","link":"https:\/\/panoramadelsur.com.ar\/?p=55773","title":{"rendered":"EL COSTO DE CRIANZA SE INCREMENT\u00d3 POR DEBAJO DEL \u00cdNDICE DE PRECIOS EN ENERO"},"content":{"rendered":"\n<p class=\"wp-block-paragraph\">El costo de criar a un ni\u00f1o en Argentina aument\u00f3 menos del 1% en enero respecto del mes anterior y registr\u00f3 una variaci\u00f3n menor a la inflaci\u00f3n, que fue del 2,2%.<\/p>\n\n\n\n<p class=\"wp-block-paragraph\">Seg\u00fan la canasta de crianza difundida hoy por el Instituto Nacional de Estad\u00edstica y Censos (INDEC), los hogares necesitaron entre $393.523 y $490.614 para cubrir los gastos de un ni\u00f1o, dependiendo de su edad.<\/p>\n\n\n\n<h2 class=\"wp-block-heading\">\u00bfCu\u00e1nto cuesta la crianza seg\u00fan la edad?<\/h2>\n\n\n\n<p class=\"wp-block-paragraph\">Reci\u00e9n nacidos (menores de 1 a\u00f1o): $393.523 (+0,26% respecto de diciembre).<br>Ni\u00f1os de 1 a 3 a\u00f1os: $467.113 (+0,29%).<br>Ni\u00f1os de 4 a 5 a\u00f1os: $390.009 (+0,44%).<br>Ni\u00f1os de 6 a 12 a\u00f1os: $490.614 (+0,43%).<\/p>\n\n\n\n<h2 class=\"wp-block-heading\"><strong>\u00bfQu\u00e9 compone el costo de crianza?<\/strong><\/h2>\n\n\n\n<p class=\"wp-block-paragraph\">El c\u00e1lculo del INDEC incluye:<\/p>\n\n\n\n<p class=\"wp-block-paragraph\"><strong>Bienes y servicios:<br><\/strong>Alimentaci\u00f3n<br>Vestimenta<br>Vivienda<br>Transporte<br>Salud<\/p>\n\n\n\n<p class=\"wp-block-paragraph\"><strong>Costos de cuidado:<br><\/strong>Salario del personal dom\u00e9stico<br>Categor\u00eda: Asistencia y cuidado de personas<br>R\u00e9gimen de Trabajo de Casas Particulares<br>En enero, los costos de cuidado se mantuvieron sin cambios, mientras que el aumento de la canasta estuvo impulsado por los bienes y servicios.<\/p>\n\n\n\n<h2 class=\"wp-block-heading\">Suba interanual del 84%<\/h2>\n\n\n\n<p class=\"wp-block-paragraph\">En la comparaci\u00f3n interanual, la canasta de crianza aument\u00f3 un 84%, con un mayor impacto en los costos de cuidado.<\/p>\n\n\n\n<h2 class=\"wp-block-heading\"><strong>Un indicador clave para la econom\u00eda familiar<\/strong><\/h2>\n\n\n\n<p class=\"wp-block-paragraph\">El INDEC lanz\u00f3 esta canasta en marzo de 2024 para visibilizar los costos econ\u00f3micos de la crianza, especialmente los vinculados a tareas de cuidado no remuneradas. Adem\u00e1s, se utiliza como referencia en procesos judiciales para determinar cuotas alimentarias.<\/p>\n","protected":false},"excerpt":{"rendered":"<p>El costo<\/p>\n","protected":false},"author":1,"featured_media":55774,"comment_status":"closed","ping_status":"closed","sticky":false,"template":"","format":"standard","meta":{"footnotes":""},"categories":[4],"tags":[59],"class_list":["post-55773","post","type-post","status-publish","format-standard","has-post-thumbnail","hentry","category-nacionales","tag-nacionales"],"_links":{"self":[{"href":"https:\/\/panoramadelsur.com.ar\/index.php?rest_route=\/wp\/v2\/posts\/55773","targetHints":{"allow":["GET"]}}],"collection":[{"href":"https:\/\/panoramadelsur.com.ar\/index.php?rest_route=\/wp\/v2\/posts"}],"about":[{"href":"https:\/\/panoramadelsur.com.ar\/index.php?rest_route=\/wp\/v2\/types\/post"}],"author":[{"embeddable":true,"href":"https:\/\/panoramadelsur.com.ar\/index.php?rest_route=\/wp\/v2\/users\/1"}],"replies":[{"embeddable":true,"href":"https:\/\/panoramadelsur.com.ar\/index.php?rest_route=%2Fwp%2Fv2%2Fcomments&post=55773"}],"version-history":[{"count":1,"href":"https:\/\/panoramadelsur.com.ar\/index.php?rest_route=\/wp\/v2\/posts\/55773\/revisions"}],"predecessor-version":[{"id":55775,"href":"https:\/\/panoramadelsur.com.ar\/index.php?rest_route=\/wp\/v2\/posts\/55773\/revisions\/55775"}],"wp:featuredmedia":[{"embeddable":true,"href":"https:\/\/panoramadelsur.com.ar\/index.php?rest_route=\/wp\/v2\/media\/55774"}],"wp:attachment":[{"href":"https:\/\/panoramadelsur.com.ar\/index.php?rest_route=%2Fwp%2Fv2%2Fmedia&parent=55773"}],"wp:term":[{"taxonomy":"category","embeddable":true,"href":"https:\/\/panoramadelsur.com.ar\/index.php?rest_route=%2Fwp%2Fv2%2Fcategories&post=55773"},{"taxonomy":"post_tag","embeddable":true,"href":"https:\/\/panoramadelsur.com.ar\/index.php?rest_route=%2Fwp%2Fv2%2Ftags&post=55773"}],"curies":[{"name":"wp","href":"https:\/\/api.w.org\/{rel}","templated":true}]}}