{"id":55814,"date":"2025-02-28T01:02:00","date_gmt":"2025-02-28T04:02:00","guid":{"rendered":"https:\/\/panoramadelsur.com.ar\/?p=55814"},"modified":"2025-02-20T18:47:03","modified_gmt":"2025-02-20T21:47:03","slug":"casi-7-millones-de-kilos-de-residuos-reciclados-en-berazategui","status":"publish","type":"post","link":"https:\/\/panoramadelsur.com.ar\/?p=55814","title":{"rendered":"CASI 7 MILLONES DE KILOS DE RESIDUOS RECICLADOS EN BERAZATEGUI"},"content":{"rendered":"\n<p class=\"wp-block-paragraph\"><strong>El Programa Municipal Berazategui Recicla se cre\u00f3 en 2016 y desde entonces la ciudad ya recicl\u00f3 y reutiliz\u00f3 cerca de 7 millones de kilos de residuos. En el 2024, mediante esta iniciativa impulsada por el intendente Juan Jos\u00e9 Mussi, se reciclaron m\u00e1s de 700 mil kilos.<\/strong><\/p>\n\n\n\n<p class=\"wp-block-paragraph\">Gracias a la colaboraci\u00f3n de los vecinos y vecinas, la Municipalidad logra reducir la cantidad de residuos que se deben llevar al CEAMSE, generando un ahorro en su traslado y tratamiento, adem\u00e1s de beneficios ambientales. Los materiales reciclados incluyen: botellas PET, papel, cart\u00f3n, vidrios; pilas y bater\u00edas; pl\u00e1stico soplado; nylon; aluminio; hierros y chapas; adem\u00e1s de chatarra electr\u00f3nica y aceite vegetal usado -AVU-.<\/p>\n\n\n\n<p class=\"wp-block-paragraph\">\u201cEl Programa es impulsado por el intendente municipal, Juan Jos\u00e9 Mussi, con el fin de cuidar el ambiente. Con este prop\u00f3sito es que seguimos invitando a los berazateguenses a que separen los residuos reciclables en sus casas, o que los lleven al Ecopunto que les quede m\u00e1s cerca\u201d, se\u00f1al\u00f3 el secretario de Organizaciones No Gubernamentales, Marcelo Benedetti.<\/p>\n\n\n\n<p class=\"wp-block-paragraph\">Berazategui Recicla cuenta con Ecopuntos y Centros de Acopio y Selecci\u00f3n distribuidos estrat\u00e9gicamente en el distrito. All\u00ed llevan el material los recicladores urbanos, y gran parte de lo que recolectan es reutilizado por diferentes empresas locales que lo compran (gener\u00e1ndoles ingresos a los recolectores) para la fabricaci\u00f3n de distintos productos, como escobillones y cepillos, papel higi\u00e9nico, servilletas y cart\u00f3n.<\/p>\n\n\n\n<p class=\"wp-block-paragraph\">En este sentido, Benedetti explic\u00f3: \u201cBerazategui Recicla es un c\u00edrculo virtuoso porque cuida el ambiente, ayuda econ\u00f3micamente a los recicladores y la Municipalidad ahorra dinero al tener que trasladar menos residuos al CEAMSE\u201d.<\/p>\n\n\n\n<p class=\"wp-block-paragraph\">Para conocer m\u00e1s se puede ingresar en&nbsp;<a rel=\"noreferrer noopener\" target=\"_blank\" href=\"http:\/\/berazategui.gob.ar\/recicla\">berazategui.gob.ar\/recicla<\/a>.<\/p>\n","protected":false},"excerpt":{"rendered":"<p>El Programa<\/p>\n","protected":false},"author":1,"featured_media":55815,"comment_status":"closed","ping_status":"closed","sticky":false,"template":"","format":"standard","meta":{"footnotes":""},"categories":[10,3],"tags":[40],"class_list":["post-55814","post","type-post","status-publish","format-standard","has-post-thumbnail","hentry","category-mas-noticias","category-regionales","tag-berazategui"],"_links":{"self":[{"href":"https:\/\/panoramadelsur.com.ar\/index.php?rest_route=\/wp\/v2\/posts\/55814","targetHints":{"allow":["GET"]}}],"collection":[{"href":"https:\/\/panoramadelsur.com.ar\/index.php?rest_route=\/wp\/v2\/posts"}],"about":[{"href":"https:\/\/panoramadelsur.com.ar\/index.php?rest_route=\/wp\/v2\/types\/post"}],"author":[{"embeddable":true,"href":"https:\/\/panoramadelsur.com.ar\/index.php?rest_route=\/wp\/v2\/users\/1"}],"replies":[{"embeddable":true,"href":"https:\/\/panoramadelsur.com.ar\/index.php?rest_route=%2Fwp%2Fv2%2Fcomments&post=55814"}],"version-history":[{"count":1,"href":"https:\/\/panoramadelsur.com.ar\/index.php?rest_route=\/wp\/v2\/posts\/55814\/revisions"}],"predecessor-version":[{"id":55816,"href":"https:\/\/panoramadelsur.com.ar\/index.php?rest_route=\/wp\/v2\/posts\/55814\/revisions\/55816"}],"wp:featuredmedia":[{"embeddable":true,"href":"https:\/\/panoramadelsur.com.ar\/index.php?rest_route=\/wp\/v2\/media\/55815"}],"wp:attachment":[{"href":"https:\/\/panoramadelsur.com.ar\/index.php?rest_route=%2Fwp%2Fv2%2Fmedia&parent=55814"}],"wp:term":[{"taxonomy":"category","embeddable":true,"href":"https:\/\/panoramadelsur.com.ar\/index.php?rest_route=%2Fwp%2Fv2%2Fcategories&post=55814"},{"taxonomy":"post_tag","embeddable":true,"href":"https:\/\/panoramadelsur.com.ar\/index.php?rest_route=%2Fwp%2Fv2%2Ftags&post=55814"}],"curies":[{"name":"wp","href":"https:\/\/api.w.org\/{rel}","templated":true}]}}