{"id":55876,"date":"2025-02-26T22:26:36","date_gmt":"2025-02-27T01:26:36","guid":{"rendered":"https:\/\/panoramadelsur.com.ar\/?p=55876"},"modified":"2025-02-26T22:26:37","modified_gmt":"2025-02-27T01:26:37","slug":"cine-distendido-para-personas-con-dificultades-sensoriales-y-condicion-del-espectro-autista","status":"publish","type":"post","link":"https:\/\/panoramadelsur.com.ar\/?p=55876","title":{"rendered":"\u00abCINE DISTENDIDO\u00bb PARA PERSONAS CON DIFICULTADES SENSORIALES Y CONDICI\u00d3N DEL ESPECTRO AUTISTA"},"content":{"rendered":"\n<p><strong>Se realiz\u00f3 una nueva funci\u00f3n de \u201cCine distendido\u201d en el Complejo Cultural Municipal La Humanitaria, como parte del Ciclo de Verano 2025 que organiza la Secretar\u00eda de Cultura y Educaci\u00f3n de la Municipalidad de Berazategui.<\/strong><\/p>\n\n\n\n<p>En esta ocasi\u00f3n, se proyect\u00f3 la pel\u00edcula \u201cRobot Salvaje\u201d. La particularidad de estas funciones es que buscan favorecer la presencia de personas con dificultades sensoriales, condici\u00f3n del espectro autista o dificultades en el aprendizaje. De esta manera, a lo largo de la proyecci\u00f3n no se apaga la luz, no hay destellos, ni sonidos estridentes, y los ni\u00f1os y ni\u00f1as tienen libertad para correr, saltar y moverse.<\/p>\n\n\n\n<p>Participaron integrantes de Familias TEA Berazategui Red Federal. Una de las coordinadoras de la organizaci\u00f3n, Mar\u00eda Sol\u00eds, explic\u00f3: \u201cEn Berazategui se habla del autismo, por eso tenemos estas funciones de \u2018Cine distendido\u2019. Es importante conocer estos espacios para poder disfrutarlos en familia. Agradecemos al intendente, Juan Jos\u00e9 Mussi, por apoyarnos siempre\u201d.<\/p>\n","protected":false},"excerpt":{"rendered":"<p>Se realiz\u00f3<\/p>\n","protected":false},"author":1,"featured_media":55877,"comment_status":"closed","ping_status":"closed","sticky":false,"template":"","format":"standard","meta":{"footnotes":""},"categories":[3],"tags":[40],"class_list":["post-55876","post","type-post","status-publish","format-standard","has-post-thumbnail","hentry","category-regionales","tag-berazategui"],"_links":{"self":[{"href":"https:\/\/panoramadelsur.com.ar\/index.php?rest_route=\/wp\/v2\/posts\/55876","targetHints":{"allow":["GET"]}}],"collection":[{"href":"https:\/\/panoramadelsur.com.ar\/index.php?rest_route=\/wp\/v2\/posts"}],"about":[{"href":"https:\/\/panoramadelsur.com.ar\/index.php?rest_route=\/wp\/v2\/types\/post"}],"author":[{"embeddable":true,"href":"https:\/\/panoramadelsur.com.ar\/index.php?rest_route=\/wp\/v2\/users\/1"}],"replies":[{"embeddable":true,"href":"https:\/\/panoramadelsur.com.ar\/index.php?rest_route=%2Fwp%2Fv2%2Fcomments&post=55876"}],"version-history":[{"count":1,"href":"https:\/\/panoramadelsur.com.ar\/index.php?rest_route=\/wp\/v2\/posts\/55876\/revisions"}],"predecessor-version":[{"id":55878,"href":"https:\/\/panoramadelsur.com.ar\/index.php?rest_route=\/wp\/v2\/posts\/55876\/revisions\/55878"}],"wp:featuredmedia":[{"embeddable":true,"href":"https:\/\/panoramadelsur.com.ar\/index.php?rest_route=\/wp\/v2\/media\/55877"}],"wp:attachment":[{"href":"https:\/\/panoramadelsur.com.ar\/index.php?rest_route=%2Fwp%2Fv2%2Fmedia&parent=55876"}],"wp:term":[{"taxonomy":"category","embeddable":true,"href":"https:\/\/panoramadelsur.com.ar\/index.php?rest_route=%2Fwp%2Fv2%2Fcategories&post=55876"},{"taxonomy":"post_tag","embeddable":true,"href":"https:\/\/panoramadelsur.com.ar\/index.php?rest_route=%2Fwp%2Fv2%2Ftags&post=55876"}],"curies":[{"name":"wp","href":"https:\/\/api.w.org\/{rel}","templated":true}]}}