{"id":55895,"date":"2025-02-28T01:02:00","date_gmt":"2025-02-28T04:02:00","guid":{"rendered":"https:\/\/panoramadelsur.com.ar\/?p=55895"},"modified":"2025-02-27T18:30:24","modified_gmt":"2025-02-27T21:30:24","slug":"los-gremios-docentes-de-la-cgt-levantaron-el-paro-del-5-de-marzo-hubo-un-acercamiento-con-el-gobierno","status":"publish","type":"post","link":"https:\/\/panoramadelsur.com.ar\/?p=55895","title":{"rendered":"LOS GREMIOS DOCENTES DE LA CGT LEVANTARON EL PARO DEL 5 DE MARZO: \u00abHUBO UN ACERCAMIENTO CON EL GOBIERNO\u00bb"},"content":{"rendered":"\n<p class=\"wp-block-paragraph\">Los gremios docentes de la CGT anunciaron que suspendieron el paro que estaba previsto<br>para el 5 de marzo debido a un \u00abacercamiento\u00bb con el Gobierno para discutir salarios. \u00abLa negociaci\u00f3n colectiva es garant\u00eda de paz paz social\u00bb, indicaron en un comunicado los gremios AMET, CEA, Sadop y UDA.<\/p>\n\n\n\n<p class=\"wp-block-paragraph\">En las \u00faltimas horas \u00abse dio un acercamiento entre el Gobierno y las entidades sindicales docentes de la CGT: AMET, CEA, Sadop y UDA\u00bb, indicaron los gremios en un comunicado.<\/p>\n\n\n\n<p class=\"wp-block-paragraph\">Adem\u00e1s del salario m\u00ednimo para el primer trimestre, en la paritaria se discutir\u00e1 \u00abfortalecimiento docente; unfraestructura escolar para las provincias; participaci\u00f3n de los gremios docentes en las pr\u00f3ximas asambleas del Consejo Federal de Educaci\u00f3n y traslados de docentes entre jurisdicciones\u00bb, entre otros puntos.<\/p>\n\n\n\n<p class=\"wp-block-paragraph\">\u00abEstas negociaciones obligan a las partes a negociar de buena fe. Los sindicatos docentes suspendemos la medida de fuerza planteada para el d\u00eda S de marzo, siendo que la negociaci\u00f3n colectiva es garant\u00eda de paz social, y quedamos en estado de alerta esperando la convocatoria en tiempo y forma\u00bb, indicaron los gremios.<\/p>\n\n\n\n<p class=\"wp-block-paragraph\">Este sector ya hab\u00eda hecho un paro el 24 de febrero y se propon\u00eda repetir la medida de fuerza el 5 de marzo.<\/p>\n","protected":false},"excerpt":{"rendered":"<p>Los gremios<\/p>\n","protected":false},"author":1,"featured_media":55896,"comment_status":"closed","ping_status":"closed","sticky":false,"template":"","format":"standard","meta":{"footnotes":""},"categories":[1,4],"tags":[59],"class_list":["post-55895","post","type-post","status-publish","format-standard","has-post-thumbnail","hentry","category-destacados","category-nacionales","tag-nacionales"],"_links":{"self":[{"href":"https:\/\/panoramadelsur.com.ar\/index.php?rest_route=\/wp\/v2\/posts\/55895","targetHints":{"allow":["GET"]}}],"collection":[{"href":"https:\/\/panoramadelsur.com.ar\/index.php?rest_route=\/wp\/v2\/posts"}],"about":[{"href":"https:\/\/panoramadelsur.com.ar\/index.php?rest_route=\/wp\/v2\/types\/post"}],"author":[{"embeddable":true,"href":"https:\/\/panoramadelsur.com.ar\/index.php?rest_route=\/wp\/v2\/users\/1"}],"replies":[{"embeddable":true,"href":"https:\/\/panoramadelsur.com.ar\/index.php?rest_route=%2Fwp%2Fv2%2Fcomments&post=55895"}],"version-history":[{"count":1,"href":"https:\/\/panoramadelsur.com.ar\/index.php?rest_route=\/wp\/v2\/posts\/55895\/revisions"}],"predecessor-version":[{"id":55897,"href":"https:\/\/panoramadelsur.com.ar\/index.php?rest_route=\/wp\/v2\/posts\/55895\/revisions\/55897"}],"wp:featuredmedia":[{"embeddable":true,"href":"https:\/\/panoramadelsur.com.ar\/index.php?rest_route=\/wp\/v2\/media\/55896"}],"wp:attachment":[{"href":"https:\/\/panoramadelsur.com.ar\/index.php?rest_route=%2Fwp%2Fv2%2Fmedia&parent=55895"}],"wp:term":[{"taxonomy":"category","embeddable":true,"href":"https:\/\/panoramadelsur.com.ar\/index.php?rest_route=%2Fwp%2Fv2%2Fcategories&post=55895"},{"taxonomy":"post_tag","embeddable":true,"href":"https:\/\/panoramadelsur.com.ar\/index.php?rest_route=%2Fwp%2Fv2%2Ftags&post=55895"}],"curies":[{"name":"wp","href":"https:\/\/api.w.org\/{rel}","templated":true}]}}