{"id":55931,"date":"2025-02-28T01:11:00","date_gmt":"2025-02-28T04:11:00","guid":{"rendered":"https:\/\/panoramadelsur.com.ar\/?p=55931"},"modified":"2025-02-27T21:12:03","modified_gmt":"2025-02-28T00:12:03","slug":"los-obispos-de-quilmes-recibieron-a-la-intendenta-de-quilmes-y-rezaron-por-el-papa-francisco","status":"publish","type":"post","link":"https:\/\/panoramadelsur.com.ar\/?p=55931","title":{"rendered":"LOS OBISPOS DE QUILMES RECIBIERON A LA INTENDENTA DE QUILMES Y REZARON POR EL PAPA FRANCISCO"},"content":{"rendered":"\n<p class=\"wp-block-paragraph\">El mi\u00e9rcoles 26 de febrero los obispos de Quilmes Carlos Tissera y Eduardo Redondo, junto con el Vicario General de la di\u00f3cesis, Padre Lucio Carvalho Rodrigues, recibieron a la Intendenta de Quilmes Mayra Mendoza, y a parte de su equipo de trabajo, y conversaron sobre las problem\u00e1ticas del municipio y sobre la dif\u00edcil situaci\u00f3n del pa\u00eds, en especial de los m\u00e1s vulnerables.<br><br>La Intendenta Mendoza se comprometi\u00f3 a continuar su rezo por el Papa Francisco y se interes\u00f3 por la evoluci\u00f3n en el estado de salud del Pont\u00edfice.<br><br>Hacia el final de la reuni\u00f3n el Padre Obispo Tissera obsequi\u00f3 a la mandataria municipal la Enc\u00edclica\u00a0<em>Dilexit nos\u00a0<\/em>del Papa Francisco, sobre el amor humano y divino en el coraz\u00f3n de Jes\u00fas.<br><br>En un clima ameno, el encuentro sirivi\u00f3 para fortalecer el trabajo comunitario en el distrito.<\/p>\n","protected":false},"excerpt":{"rendered":"<p>El mi\u00e9rcoles<\/p>\n","protected":false},"author":1,"featured_media":55932,"comment_status":"closed","ping_status":"closed","sticky":false,"template":"","format":"standard","meta":{"footnotes":""},"categories":[2],"tags":[],"class_list":["post-55931","post","type-post","status-publish","format-standard","has-post-thumbnail","hentry","category-quilmes"],"_links":{"self":[{"href":"https:\/\/panoramadelsur.com.ar\/index.php?rest_route=\/wp\/v2\/posts\/55931","targetHints":{"allow":["GET"]}}],"collection":[{"href":"https:\/\/panoramadelsur.com.ar\/index.php?rest_route=\/wp\/v2\/posts"}],"about":[{"href":"https:\/\/panoramadelsur.com.ar\/index.php?rest_route=\/wp\/v2\/types\/post"}],"author":[{"embeddable":true,"href":"https:\/\/panoramadelsur.com.ar\/index.php?rest_route=\/wp\/v2\/users\/1"}],"replies":[{"embeddable":true,"href":"https:\/\/panoramadelsur.com.ar\/index.php?rest_route=%2Fwp%2Fv2%2Fcomments&post=55931"}],"version-history":[{"count":1,"href":"https:\/\/panoramadelsur.com.ar\/index.php?rest_route=\/wp\/v2\/posts\/55931\/revisions"}],"predecessor-version":[{"id":55933,"href":"https:\/\/panoramadelsur.com.ar\/index.php?rest_route=\/wp\/v2\/posts\/55931\/revisions\/55933"}],"wp:featuredmedia":[{"embeddable":true,"href":"https:\/\/panoramadelsur.com.ar\/index.php?rest_route=\/wp\/v2\/media\/55932"}],"wp:attachment":[{"href":"https:\/\/panoramadelsur.com.ar\/index.php?rest_route=%2Fwp%2Fv2%2Fmedia&parent=55931"}],"wp:term":[{"taxonomy":"category","embeddable":true,"href":"https:\/\/panoramadelsur.com.ar\/index.php?rest_route=%2Fwp%2Fv2%2Fcategories&post=55931"},{"taxonomy":"post_tag","embeddable":true,"href":"https:\/\/panoramadelsur.com.ar\/index.php?rest_route=%2Fwp%2Fv2%2Ftags&post=55931"}],"curies":[{"name":"wp","href":"https:\/\/api.w.org\/{rel}","templated":true}]}}