{"id":55963,"date":"2025-03-06T01:00:00","date_gmt":"2025-03-06T04:00:00","guid":{"rendered":"https:\/\/panoramadelsur.com.ar\/?p=55963"},"modified":"2025-03-05T20:42:23","modified_gmt":"2025-03-05T23:42:23","slug":"nuevo-operativo-de-documentacion-en-berazategui","status":"publish","type":"post","link":"https:\/\/panoramadelsur.com.ar\/?p=55963","title":{"rendered":"NUEVO OPERATIVO DE DOCUMENTACI\u00d3N EN BERAZATEGUI"},"content":{"rendered":"\n<p class=\"wp-block-paragraph\">Hasta este viernes 7 de marzo, los vecinos y vecinas de Berazategui podr\u00e1n acceder a los servicios de un nuevo operativo gratuito de documentaci\u00f3n. Se realizar\u00e1 de 9.00 a 15.00, en la Plaza de los Amigos (calle 52 B entre 133 y 134, Barrio Mar\u00edtimo). A partir de las 8.00 se entregar\u00e1n 350 n\u00fameros, uno por persona, para recibir atenci\u00f3n y asesoramiento.<\/p>\n\n\n\n<p class=\"wp-block-paragraph\">La jornada es organizada por el Registro Provincial de las Personas y la Secretar\u00eda de Gobierno de la Municipalidad. A trav\u00e9s de este servicio, las y los concurrentes podr\u00e1n gestionar el Documento Nacional de Identidad (DNI), su actualizaci\u00f3n y reposici\u00f3n; adem\u00e1s de solicitar actas de nacimiento, matrimonio y defunci\u00f3n, entre otras prestaciones.<\/p>\n\n\n\n<p class=\"wp-block-paragraph\">Estos operativos documentarios son impulsados por el Gobierno de la provincia de Buenos Aires y gestionados por el intendente Juan Jos\u00e9 Mussi, con el objetivo de brindar a la comunidad la posibilidad de realizar tr\u00e1mites en forma gratuita y, de esta manera, garantizar el derecho a la identidad. &nbsp;<\/p>\n\n\n\n<p class=\"wp-block-paragraph\">Los DNI que se tramiten ser\u00e1n entregados en cada domicilio brindado. En el caso de que nadie pueda recibirlo, deber\u00e1n retirarse en el Registro Civil de Av. 14 N\u00ba 4520.<\/p>\n","protected":false},"excerpt":{"rendered":"<p>Hasta este<\/p>\n","protected":false},"author":1,"featured_media":55964,"comment_status":"closed","ping_status":"closed","sticky":false,"template":"","format":"standard","meta":{"footnotes":""},"categories":[8,3],"tags":[40],"class_list":["post-55963","post","type-post","status-publish","format-standard","has-post-thumbnail","hentry","category-para-agendar","category-regionales","tag-berazategui"],"_links":{"self":[{"href":"https:\/\/panoramadelsur.com.ar\/index.php?rest_route=\/wp\/v2\/posts\/55963","targetHints":{"allow":["GET"]}}],"collection":[{"href":"https:\/\/panoramadelsur.com.ar\/index.php?rest_route=\/wp\/v2\/posts"}],"about":[{"href":"https:\/\/panoramadelsur.com.ar\/index.php?rest_route=\/wp\/v2\/types\/post"}],"author":[{"embeddable":true,"href":"https:\/\/panoramadelsur.com.ar\/index.php?rest_route=\/wp\/v2\/users\/1"}],"replies":[{"embeddable":true,"href":"https:\/\/panoramadelsur.com.ar\/index.php?rest_route=%2Fwp%2Fv2%2Fcomments&post=55963"}],"version-history":[{"count":1,"href":"https:\/\/panoramadelsur.com.ar\/index.php?rest_route=\/wp\/v2\/posts\/55963\/revisions"}],"predecessor-version":[{"id":55965,"href":"https:\/\/panoramadelsur.com.ar\/index.php?rest_route=\/wp\/v2\/posts\/55963\/revisions\/55965"}],"wp:featuredmedia":[{"embeddable":true,"href":"https:\/\/panoramadelsur.com.ar\/index.php?rest_route=\/wp\/v2\/media\/55964"}],"wp:attachment":[{"href":"https:\/\/panoramadelsur.com.ar\/index.php?rest_route=%2Fwp%2Fv2%2Fmedia&parent=55963"}],"wp:term":[{"taxonomy":"category","embeddable":true,"href":"https:\/\/panoramadelsur.com.ar\/index.php?rest_route=%2Fwp%2Fv2%2Fcategories&post=55963"},{"taxonomy":"post_tag","embeddable":true,"href":"https:\/\/panoramadelsur.com.ar\/index.php?rest_route=%2Fwp%2Fv2%2Ftags&post=55963"}],"curies":[{"name":"wp","href":"https:\/\/api.w.org\/{rel}","templated":true}]}}