{"id":56027,"date":"2025-03-10T01:10:00","date_gmt":"2025-03-10T04:10:00","guid":{"rendered":"https:\/\/panoramadelsur.com.ar\/?p=56027"},"modified":"2025-03-08T22:24:58","modified_gmt":"2025-03-09T01:24:58","slug":"berazategui-brinda-capacitaciones-laborales-gratuitas","status":"publish","type":"post","link":"https:\/\/panoramadelsur.com.ar\/?p=56027","title":{"rendered":"BERAZATEGUI BRINDA CAPACITACIONES LABORALES GRATUITAS"},"content":{"rendered":"\n<p>La Municipalidad de Berazategui contin\u00faa brindando oportunidades gratuitas de capacitaci\u00f3n a sus vecinos y vecinas durante este 2025. Se trata de herramientas que ampl\u00edan las competencias laborales.<\/p>\n\n\n\n<p>De esta manera, a trav\u00e9s de la Secretar\u00eda de Trabajo, se brindan cursos gratuitos de Rob\u00f3tica, Impresi\u00f3n 3D, Inform\u00e1tica (Word y Excel), Liquidaci\u00f3n de Sueldos, Marketing y AutoCAD. Estos se dictan en el Centro de Formaci\u00f3n e Innovaci\u00f3n Productiva (CEFIP), ubicado en calle 27 y 130. Tienen cupos limitados e inician en abril.<\/p>\n\n\n\n<p>Emiliano Di Domizio, director municipal de Empleo y Capacitaci\u00f3n Laboral, afirm\u00f3: \u201cHoy en d\u00eda, el mercado laboral est\u00e1 muy exigente y cada vez pide m\u00e1s habilidades. Este a\u00f1o, nuevamente por impulso del intendente Juan Jos\u00e9 Mussi, ofrecemos estos cursos que brindan esas habilidades que piden las empresas, a trav\u00e9s de capacitaciones gratuitas que muchas veces son pagas en el \u00e1mbito privado\u201d.<\/p>\n\n\n\n<p>Adem\u00e1s, destac\u00f3: \u201cEn 2024, desde la Secretar\u00eda de Trabajo llegamos a brindar unos 40 cursos, con los que se llegaron a capacitar cerca de 600 personas. Muchas de ellas est\u00e1n en la b\u00fasqueda de empleo y tienen la posibilidad de ingresar a la base de datos de la Agencia de Empleo de Berazategui. Algunos, incluso, comienzan con su propio emprendimiento\u201d.<\/p>\n\n\n\n<p>Quienes deseen inscribirse, pueden hacerlo v\u00eda mail a capacitacioneslaborales@berazategui.gov.ar; o bien, llamando al 4356- 9200 (Int. 2285).<\/p>\n","protected":false},"excerpt":{"rendered":"<p>La Municipalidad<\/p>\n","protected":false},"author":1,"featured_media":56028,"comment_status":"closed","ping_status":"closed","sticky":false,"template":"","format":"standard","meta":{"footnotes":""},"categories":[3],"tags":[40],"class_list":["post-56027","post","type-post","status-publish","format-standard","has-post-thumbnail","hentry","category-regionales","tag-berazategui"],"_links":{"self":[{"href":"https:\/\/panoramadelsur.com.ar\/index.php?rest_route=\/wp\/v2\/posts\/56027","targetHints":{"allow":["GET"]}}],"collection":[{"href":"https:\/\/panoramadelsur.com.ar\/index.php?rest_route=\/wp\/v2\/posts"}],"about":[{"href":"https:\/\/panoramadelsur.com.ar\/index.php?rest_route=\/wp\/v2\/types\/post"}],"author":[{"embeddable":true,"href":"https:\/\/panoramadelsur.com.ar\/index.php?rest_route=\/wp\/v2\/users\/1"}],"replies":[{"embeddable":true,"href":"https:\/\/panoramadelsur.com.ar\/index.php?rest_route=%2Fwp%2Fv2%2Fcomments&post=56027"}],"version-history":[{"count":1,"href":"https:\/\/panoramadelsur.com.ar\/index.php?rest_route=\/wp\/v2\/posts\/56027\/revisions"}],"predecessor-version":[{"id":56029,"href":"https:\/\/panoramadelsur.com.ar\/index.php?rest_route=\/wp\/v2\/posts\/56027\/revisions\/56029"}],"wp:featuredmedia":[{"embeddable":true,"href":"https:\/\/panoramadelsur.com.ar\/index.php?rest_route=\/wp\/v2\/media\/56028"}],"wp:attachment":[{"href":"https:\/\/panoramadelsur.com.ar\/index.php?rest_route=%2Fwp%2Fv2%2Fmedia&parent=56027"}],"wp:term":[{"taxonomy":"category","embeddable":true,"href":"https:\/\/panoramadelsur.com.ar\/index.php?rest_route=%2Fwp%2Fv2%2Fcategories&post=56027"},{"taxonomy":"post_tag","embeddable":true,"href":"https:\/\/panoramadelsur.com.ar\/index.php?rest_route=%2Fwp%2Fv2%2Ftags&post=56027"}],"curies":[{"name":"wp","href":"https:\/\/api.w.org\/{rel}","templated":true}]}}