{"id":56036,"date":"2025-03-10T01:07:00","date_gmt":"2025-03-10T04:07:00","guid":{"rendered":"https:\/\/panoramadelsur.com.ar\/?p=56036"},"modified":"2025-03-09T01:22:53","modified_gmt":"2025-03-09T04:22:53","slug":"muestra-mensual-de-arte-en-varela-encuentros-con-la-memoria","status":"publish","type":"post","link":"https:\/\/panoramadelsur.com.ar\/?p=56036","title":{"rendered":"MUESTRA MENSUAL DE ARTE EN VARELA: \u00abENCUENTROS CON LA MEMORIA\u00bb"},"content":{"rendered":"\n<p>La Comuna invita a la apertura de la exposici\u00f3n el 15 de marzo desde las 19 hs. en la dependencia municipal ubicada en calle 25 de Mayo esquina Chacabuco.<\/p>\n\n\n\n<p>Mauro Prado -subdirector de Artes Visuales y coordinador de la iniciativa- comenta que \u201ces en conmemoraci\u00f3n al 24 de marzo: D\u00eda de la Memoria, Verdad y Justicia. Convocamos a un grupo de artistas de amplia trayectoria y reconocimiento nacional comprometidos con la tem\u00e1tica social para exhibir sus obras\u201d.<\/p>\n\n\n\n<p>Acerca del objetivo de la propuesta, explica: \u201cEste encuentro incentiva la reflexi\u00f3n sobre las situaciones humanas, pol\u00edticas y sociales atravesadas por la violencia, la desigualdad, tanto en nuestro pa\u00eds como en Am\u00e9rica Latina\u201d. A su vez, subraya: \u201cTenemos que recordar a lo largo del tiempo el `Nunca M\u00e1s\u00b4\u201d.<\/p>\n\n\n\n<p>En la actividad, estar\u00e1n los trabajos de Jorge Argento, Carlos Alonso, Gladys Abitante, Adriana Bonanni, Rub\u00e9n Borr\u00e9, Adri\u00e1n Calvis,&nbsp; Rodolfo Campod\u00f3nico, Florencia Coschignano, Gerardo Cianciolo, Luis Debairos Moura, Susana Delgado, Liliana Esteban, Osvaldo Jalil, Mauricio Nizzero, Ra\u00fal Ponce, Jos\u00e9 Rueda, Santiago Raffo, Rub\u00e9n Sassano, Mechu Vallejos.<\/p>\n\n\n\n<p>La muestra estar\u00e1 abierta de lunes a viernes de 9 a 16 hs. y los s\u00e1bados de 14 a 18 hs., hasta el 16 de abril.<\/p>\n","protected":false},"excerpt":{"rendered":"<p>La Comuna<\/p>\n","protected":false},"author":1,"featured_media":56037,"comment_status":"closed","ping_status":"closed","sticky":false,"template":"","format":"standard","meta":{"footnotes":""},"categories":[3],"tags":[30],"class_list":["post-56036","post","type-post","status-publish","format-standard","has-post-thumbnail","hentry","category-regionales","tag-varela"],"_links":{"self":[{"href":"https:\/\/panoramadelsur.com.ar\/index.php?rest_route=\/wp\/v2\/posts\/56036","targetHints":{"allow":["GET"]}}],"collection":[{"href":"https:\/\/panoramadelsur.com.ar\/index.php?rest_route=\/wp\/v2\/posts"}],"about":[{"href":"https:\/\/panoramadelsur.com.ar\/index.php?rest_route=\/wp\/v2\/types\/post"}],"author":[{"embeddable":true,"href":"https:\/\/panoramadelsur.com.ar\/index.php?rest_route=\/wp\/v2\/users\/1"}],"replies":[{"embeddable":true,"href":"https:\/\/panoramadelsur.com.ar\/index.php?rest_route=%2Fwp%2Fv2%2Fcomments&post=56036"}],"version-history":[{"count":1,"href":"https:\/\/panoramadelsur.com.ar\/index.php?rest_route=\/wp\/v2\/posts\/56036\/revisions"}],"predecessor-version":[{"id":56038,"href":"https:\/\/panoramadelsur.com.ar\/index.php?rest_route=\/wp\/v2\/posts\/56036\/revisions\/56038"}],"wp:featuredmedia":[{"embeddable":true,"href":"https:\/\/panoramadelsur.com.ar\/index.php?rest_route=\/wp\/v2\/media\/56037"}],"wp:attachment":[{"href":"https:\/\/panoramadelsur.com.ar\/index.php?rest_route=%2Fwp%2Fv2%2Fmedia&parent=56036"}],"wp:term":[{"taxonomy":"category","embeddable":true,"href":"https:\/\/panoramadelsur.com.ar\/index.php?rest_route=%2Fwp%2Fv2%2Fcategories&post=56036"},{"taxonomy":"post_tag","embeddable":true,"href":"https:\/\/panoramadelsur.com.ar\/index.php?rest_route=%2Fwp%2Fv2%2Ftags&post=56036"}],"curies":[{"name":"wp","href":"https:\/\/api.w.org\/{rel}","templated":true}]}}