{"id":56054,"date":"2025-03-10T01:09:00","date_gmt":"2025-03-10T04:09:00","guid":{"rendered":"https:\/\/panoramadelsur.com.ar\/?p=56054"},"modified":"2025-03-09T00:40:40","modified_gmt":"2025-03-09T03:40:40","slug":"jornadas-sanitarias-gratuitas-en-la-plaza-san-juan-bautista","status":"publish","type":"post","link":"https:\/\/panoramadelsur.com.ar\/?p=56054","title":{"rendered":"JORNADAS SANITARIAS GRATUITAS EN LA PLAZA SAN JUAN BAUTISTA"},"content":{"rendered":"\n<p>El Ejecutivo varelense planifica operativos sin costo durante marzo en el espacio verde delimitado por las calles Maip\u00fa, 25 de Mayo, Chacabuco y Av. San Mart\u00edn.<\/p>\n\n\n\n<p>\u00abEl objetivo de la propuesta es acercar a la comunidad diversas prestaciones, por ejemplo, toma de presi\u00f3n arterial y control de glucemia a fin de contribuir tanto con la prevenci\u00f3n como el monitoreo de enfermedades cr\u00f3nicas\u201d, detalla la responsable en la cartera sanitaria local, Adriana Alonso.<\/p>\n\n\n\n<p>\u201cAdem\u00e1s, estar\u00e1 disponible la inscripci\u00f3n a Telemedicina e Historia de Salud Integrada. Tambi\u00e9n, brindaremos informaci\u00f3n sobre cursos de Reanimaci\u00f3n Cardiopulmonar y primeros auxilios\u00bb, agrega la funcionaria.<\/p>\n\n\n\n<p>Los d\u00edas y horarios estipulados son: lunes, mi\u00e9rcoles y viernes de 9.30 a 12.30 hs.; martes y jueves de 17 a 20.30 hs.<\/p>\n","protected":false},"excerpt":{"rendered":"<p>El Ejecutivo<\/p>\n","protected":false},"author":1,"featured_media":56055,"comment_status":"closed","ping_status":"closed","sticky":false,"template":"","format":"standard","meta":{"footnotes":""},"categories":[3],"tags":[30],"class_list":["post-56054","post","type-post","status-publish","format-standard","has-post-thumbnail","hentry","category-regionales","tag-varela"],"_links":{"self":[{"href":"https:\/\/panoramadelsur.com.ar\/index.php?rest_route=\/wp\/v2\/posts\/56054","targetHints":{"allow":["GET"]}}],"collection":[{"href":"https:\/\/panoramadelsur.com.ar\/index.php?rest_route=\/wp\/v2\/posts"}],"about":[{"href":"https:\/\/panoramadelsur.com.ar\/index.php?rest_route=\/wp\/v2\/types\/post"}],"author":[{"embeddable":true,"href":"https:\/\/panoramadelsur.com.ar\/index.php?rest_route=\/wp\/v2\/users\/1"}],"replies":[{"embeddable":true,"href":"https:\/\/panoramadelsur.com.ar\/index.php?rest_route=%2Fwp%2Fv2%2Fcomments&post=56054"}],"version-history":[{"count":1,"href":"https:\/\/panoramadelsur.com.ar\/index.php?rest_route=\/wp\/v2\/posts\/56054\/revisions"}],"predecessor-version":[{"id":56056,"href":"https:\/\/panoramadelsur.com.ar\/index.php?rest_route=\/wp\/v2\/posts\/56054\/revisions\/56056"}],"wp:featuredmedia":[{"embeddable":true,"href":"https:\/\/panoramadelsur.com.ar\/index.php?rest_route=\/wp\/v2\/media\/56055"}],"wp:attachment":[{"href":"https:\/\/panoramadelsur.com.ar\/index.php?rest_route=%2Fwp%2Fv2%2Fmedia&parent=56054"}],"wp:term":[{"taxonomy":"category","embeddable":true,"href":"https:\/\/panoramadelsur.com.ar\/index.php?rest_route=%2Fwp%2Fv2%2Fcategories&post=56054"},{"taxonomy":"post_tag","embeddable":true,"href":"https:\/\/panoramadelsur.com.ar\/index.php?rest_route=%2Fwp%2Fv2%2Ftags&post=56054"}],"curies":[{"name":"wp","href":"https:\/\/api.w.org\/{rel}","templated":true}]}}