{"id":56057,"date":"2025-03-13T01:07:00","date_gmt":"2025-03-13T04:07:00","guid":{"rendered":"https:\/\/panoramadelsur.com.ar\/?p=56057"},"modified":"2025-03-09T00:47:02","modified_gmt":"2025-03-09T03:47:02","slug":"seminario-de-fotografia-nocturna-en-varela","status":"publish","type":"post","link":"https:\/\/panoramadelsur.com.ar\/?p=56057","title":{"rendered":"SEMINARIO DE FOTOGRAF\u00cdA NOCTURNA EN VARELA"},"content":{"rendered":"\n<p>La Comuna organiza la primera capacitaci\u00f3n gratuita destinada a aficionados y aficionadas de las instant\u00e1neas el viernes 14 de marzo, desde las 18 hs., en el Museo Comunitario de Artes Visuales e Hist\u00f3rico -calle 25 de Mayo esquina Chacabuco-.<\/p>\n\n\n\n<p>Orlando Ib\u00e1\u00f1ez -profesor a cargo de la actividad- comenta: \u201cEl encuentro es para quienes deseen adentrarse m\u00e1s en este mundo\u201d. Remarca como requisitos \u00abtener conocimientos previos y una c\u00e1mara propia\u201d. Respecto a la clase, el tallerista detalla: \u201cTrabajaremos las nociones b\u00e1sicas de fotograf\u00eda nocturna y line painting\u201d.<\/p>\n\n\n\n<p>Interesados e interesadas en la propuesta (mayores de 18 a\u00f1os), inscribirse previamente mediante el mail artesvisuales.fv@gmail.com.<\/p>\n","protected":false},"excerpt":{"rendered":"<p>La Comuna<\/p>\n","protected":false},"author":1,"featured_media":56058,"comment_status":"closed","ping_status":"closed","sticky":false,"template":"","format":"standard","meta":{"footnotes":""},"categories":[3],"tags":[30],"class_list":["post-56057","post","type-post","status-publish","format-standard","has-post-thumbnail","hentry","category-regionales","tag-varela"],"_links":{"self":[{"href":"https:\/\/panoramadelsur.com.ar\/index.php?rest_route=\/wp\/v2\/posts\/56057","targetHints":{"allow":["GET"]}}],"collection":[{"href":"https:\/\/panoramadelsur.com.ar\/index.php?rest_route=\/wp\/v2\/posts"}],"about":[{"href":"https:\/\/panoramadelsur.com.ar\/index.php?rest_route=\/wp\/v2\/types\/post"}],"author":[{"embeddable":true,"href":"https:\/\/panoramadelsur.com.ar\/index.php?rest_route=\/wp\/v2\/users\/1"}],"replies":[{"embeddable":true,"href":"https:\/\/panoramadelsur.com.ar\/index.php?rest_route=%2Fwp%2Fv2%2Fcomments&post=56057"}],"version-history":[{"count":1,"href":"https:\/\/panoramadelsur.com.ar\/index.php?rest_route=\/wp\/v2\/posts\/56057\/revisions"}],"predecessor-version":[{"id":56059,"href":"https:\/\/panoramadelsur.com.ar\/index.php?rest_route=\/wp\/v2\/posts\/56057\/revisions\/56059"}],"wp:featuredmedia":[{"embeddable":true,"href":"https:\/\/panoramadelsur.com.ar\/index.php?rest_route=\/wp\/v2\/media\/56058"}],"wp:attachment":[{"href":"https:\/\/panoramadelsur.com.ar\/index.php?rest_route=%2Fwp%2Fv2%2Fmedia&parent=56057"}],"wp:term":[{"taxonomy":"category","embeddable":true,"href":"https:\/\/panoramadelsur.com.ar\/index.php?rest_route=%2Fwp%2Fv2%2Fcategories&post=56057"},{"taxonomy":"post_tag","embeddable":true,"href":"https:\/\/panoramadelsur.com.ar\/index.php?rest_route=%2Fwp%2Fv2%2Ftags&post=56057"}],"curies":[{"name":"wp","href":"https:\/\/api.w.org\/{rel}","templated":true}]}}