{"id":56074,"date":"2025-03-10T01:08:00","date_gmt":"2025-03-10T04:08:00","guid":{"rendered":"https:\/\/panoramadelsur.com.ar\/?p=56074"},"modified":"2025-03-09T01:15:08","modified_gmt":"2025-03-09T04:15:08","slug":"frutas-y-verduras-frescas-y-sin-agroquimicos-en-berazategui","status":"publish","type":"post","link":"https:\/\/panoramadelsur.com.ar\/?p=56074","title":{"rendered":"FRUTAS Y VERDURAS FRESCAS Y SIN AGROQU\u00cdMICOS EN BERAZATEGUI"},"content":{"rendered":"\n<p>Se realiz\u00f3 una nueva edici\u00f3n de la Feria Agroecol\u00f3gica municipal de Berazategui, en la Plaza Julia C. de Tiscornia (Av. 14 y 132). Como todos los mi\u00e9rcoles -en el horario de 8.00 a 13.00-, los vecinos y vecinas pudieron acceder a frutas y verduras de estaci\u00f3n, a precios especiales, producidas y cultivadas sin intervenci\u00f3n de agroqu\u00edmicos, fertilizantes, herbicidas ni pesticidas qu\u00edmicos, directamente de mano de los productores y productoras locales.<\/p>\n\n\n\n<p>Adem\u00e1s, hubo cosm\u00e9ticos org\u00e1nicos elaborados a base de materias primas de origen natural, hierbas medicinales, conservas y mermeladas caseras.<\/p>\n\n\n\n<p>Josu\u00e9 Trujillo, quien participa todos los mi\u00e9rcoles de la Feria Agroecol\u00f3gica con los productos de su huerta, indic\u00f3: \u201cTenemos un compromiso con los vecinos y vecinas de Berazategui. Queremos que tomen conciencia sobre su consumo de verduras y frutas. Por eso, ofrecemos productos sanos, sin agroqu\u00edmicos, a muy buenos precios y respetando la naturaleza. Mostramos que hay un camino alternativo posible al producir de manera agroecol\u00f3gica\u201d.<\/p>\n\n\n\n<p>Esta es una iniciativa conjunta de la Municipalidad de Berazategui -en el marco de la gesti\u00f3n del intendente Juan Jos\u00e9 Mussi- y la Uni\u00f3n de Trabajadores de la Tierra (UTT) -productores locales que trabajan con una perspectiva medioambiental y compromiso con la sustentabilidad-.<\/p>\n\n\n\n<p>La Feria Agroecol\u00f3gica prioriza el bienestar de la poblaci\u00f3n, contribuye a generar conciencia ambiental y a fomentar la producci\u00f3n responsable; permite la conexi\u00f3n directa entre productores y consumidores; y aporta a la creaci\u00f3n de mejores h\u00e1bitos de alimentaci\u00f3n para toda la familia.<\/p>\n","protected":false},"excerpt":{"rendered":"<p>Se realiz\u00f3<\/p>\n","protected":false},"author":1,"featured_media":56075,"comment_status":"closed","ping_status":"closed","sticky":false,"template":"","format":"standard","meta":{"footnotes":""},"categories":[3],"tags":[40],"class_list":["post-56074","post","type-post","status-publish","format-standard","has-post-thumbnail","hentry","category-regionales","tag-berazategui"],"_links":{"self":[{"href":"https:\/\/panoramadelsur.com.ar\/index.php?rest_route=\/wp\/v2\/posts\/56074","targetHints":{"allow":["GET"]}}],"collection":[{"href":"https:\/\/panoramadelsur.com.ar\/index.php?rest_route=\/wp\/v2\/posts"}],"about":[{"href":"https:\/\/panoramadelsur.com.ar\/index.php?rest_route=\/wp\/v2\/types\/post"}],"author":[{"embeddable":true,"href":"https:\/\/panoramadelsur.com.ar\/index.php?rest_route=\/wp\/v2\/users\/1"}],"replies":[{"embeddable":true,"href":"https:\/\/panoramadelsur.com.ar\/index.php?rest_route=%2Fwp%2Fv2%2Fcomments&post=56074"}],"version-history":[{"count":1,"href":"https:\/\/panoramadelsur.com.ar\/index.php?rest_route=\/wp\/v2\/posts\/56074\/revisions"}],"predecessor-version":[{"id":56076,"href":"https:\/\/panoramadelsur.com.ar\/index.php?rest_route=\/wp\/v2\/posts\/56074\/revisions\/56076"}],"wp:featuredmedia":[{"embeddable":true,"href":"https:\/\/panoramadelsur.com.ar\/index.php?rest_route=\/wp\/v2\/media\/56075"}],"wp:attachment":[{"href":"https:\/\/panoramadelsur.com.ar\/index.php?rest_route=%2Fwp%2Fv2%2Fmedia&parent=56074"}],"wp:term":[{"taxonomy":"category","embeddable":true,"href":"https:\/\/panoramadelsur.com.ar\/index.php?rest_route=%2Fwp%2Fv2%2Fcategories&post=56074"},{"taxonomy":"post_tag","embeddable":true,"href":"https:\/\/panoramadelsur.com.ar\/index.php?rest_route=%2Fwp%2Fv2%2Ftags&post=56074"}],"curies":[{"name":"wp","href":"https:\/\/api.w.org\/{rel}","templated":true}]}}