{"id":56093,"date":"2025-03-12T01:06:00","date_gmt":"2025-03-12T04:06:00","guid":{"rendered":"https:\/\/panoramadelsur.com.ar\/?p=56093"},"modified":"2025-03-10T20:27:47","modified_gmt":"2025-03-10T23:27:47","slug":"mayra-superviso-la-desobstruccion-de-conductos-pluviales-en-ezpeleta","status":"publish","type":"post","link":"https:\/\/panoramadelsur.com.ar\/?p=56093","title":{"rendered":"MAYRA SUPERVIS\u00d3 LA DESOBSTRUCCI\u00d3N DE CONDUCTOS PLUVIALES EN EZPELETA"},"content":{"rendered":"\n<p>La intendenta de Quilmes, Mayra Mendoza, supervis\u00f3 el lunes las tareas de desobstrucci\u00f3n de conductos pluviales que se llevaron adelante en la avenida Centenario y Luis Agote, en Ezpeleta.<\/p>\n\n\n\n<p>\u201cEs una tarea clave para garantizar el correcto funcionamiento del sistema h\u00eddrico. Construir el&nbsp; Quilmes limpio y ordenado que so\u00f1amos tiene que ser un compromiso de toda la comunidad: respetemos los horarios para sacar los residuos, cuidemos los contenedores y evitemos arrojar basura en la v\u00eda p\u00fablica. Como lo expresamos d\u00edas atr\u00e1s, desde el Municipio vamos a seguir trabajando para sumar m\u00e1s equipamiento, avanzar en la contenerizaci\u00f3n en todos los barrios y hacer realidad la ciudad que nos merecemos\u201d, se\u00f1al\u00f3 Mayra, que estuvo acompa\u00f1ada por la secretaria de Desarrollo Urbano y Obra P\u00fablica, Cecilia Soler.<\/p>\n\n\n\n<p>Este trabajo tiene como objetivo garantizar el correcto y \u00f3ptimo funcionamiento del sistema de desag\u00fce. Se hace por etapas. Primero, se realiza una revisi\u00f3n de las c\u00e1maras de inspecci\u00f3n y se generan los informes correspondientes al estado de la red.<\/p>\n\n\n\n<p>Luego, se eval\u00faa en cada caso el tipo de obstrucci\u00f3n, su posible origen y el m\u00e9todo m\u00e1s conveniente para su limpieza. Para ejecutar la tarea el Municipio cuenta con equipos desobstructores de alto rendimiento en tramos de ca\u00f1er\u00eda de hasta 150 metros.<\/p>\n\n\n\n<p>Tambi\u00e9n participaron de la actividad&nbsp;la directora general de Obras de Infraestructura,&nbsp;Paula&nbsp;Benain, y el&nbsp;director de Obras de Ingenier\u00eda de la Secretar\u00eda de Desarrollo Urbano y Obra P\u00fablica, Juan Melo.<\/p>\n","protected":false},"excerpt":{"rendered":"<p>La intendenta<\/p>\n","protected":false},"author":1,"featured_media":56094,"comment_status":"closed","ping_status":"closed","sticky":false,"template":"","format":"standard","meta":{"footnotes":""},"categories":[2],"tags":[17],"class_list":["post-56093","post","type-post","status-publish","format-standard","has-post-thumbnail","hentry","category-quilmes","tag-quilmes"],"_links":{"self":[{"href":"https:\/\/panoramadelsur.com.ar\/index.php?rest_route=\/wp\/v2\/posts\/56093","targetHints":{"allow":["GET"]}}],"collection":[{"href":"https:\/\/panoramadelsur.com.ar\/index.php?rest_route=\/wp\/v2\/posts"}],"about":[{"href":"https:\/\/panoramadelsur.com.ar\/index.php?rest_route=\/wp\/v2\/types\/post"}],"author":[{"embeddable":true,"href":"https:\/\/panoramadelsur.com.ar\/index.php?rest_route=\/wp\/v2\/users\/1"}],"replies":[{"embeddable":true,"href":"https:\/\/panoramadelsur.com.ar\/index.php?rest_route=%2Fwp%2Fv2%2Fcomments&post=56093"}],"version-history":[{"count":1,"href":"https:\/\/panoramadelsur.com.ar\/index.php?rest_route=\/wp\/v2\/posts\/56093\/revisions"}],"predecessor-version":[{"id":56095,"href":"https:\/\/panoramadelsur.com.ar\/index.php?rest_route=\/wp\/v2\/posts\/56093\/revisions\/56095"}],"wp:featuredmedia":[{"embeddable":true,"href":"https:\/\/panoramadelsur.com.ar\/index.php?rest_route=\/wp\/v2\/media\/56094"}],"wp:attachment":[{"href":"https:\/\/panoramadelsur.com.ar\/index.php?rest_route=%2Fwp%2Fv2%2Fmedia&parent=56093"}],"wp:term":[{"taxonomy":"category","embeddable":true,"href":"https:\/\/panoramadelsur.com.ar\/index.php?rest_route=%2Fwp%2Fv2%2Fcategories&post=56093"},{"taxonomy":"post_tag","embeddable":true,"href":"https:\/\/panoramadelsur.com.ar\/index.php?rest_route=%2Fwp%2Fv2%2Ftags&post=56093"}],"curies":[{"name":"wp","href":"https:\/\/api.w.org\/{rel}","templated":true}]}}