{"id":56108,"date":"2025-03-11T01:01:00","date_gmt":"2025-03-11T04:01:00","guid":{"rendered":"https:\/\/panoramadelsur.com.ar\/?p=56108"},"modified":"2025-03-10T21:17:11","modified_gmt":"2025-03-11T00:17:11","slug":"axel-kicillof-critico-a-javier-milei-y-defendio-la-solidaridad-tras-la-tragedia-en-bahia-blanca","status":"publish","type":"post","link":"https:\/\/panoramadelsur.com.ar\/?p=56108","title":{"rendered":"AXEL KICILLOF CRITIC\u00d3 A JAVIER MILEI Y DEFENDI\u00d3 LA SOLIDARIDAD TRAS LA TRAGEDIA EN BAH\u00cdA BLANCA"},"content":{"rendered":"\n<p>El gobernador bonaerense, Axel Kicillof, se diferenci\u00f3 una vez m\u00e1s del presidente Javier Milei, y afirm\u00f3 que la cat\u00e1strofe de Bah\u00eda Blanca nos debe \u201chacer reflexionar\u201d, porque las muestras de solidaridad recibidas son \u201cuna enorme universal y masiva refutaci\u00f3n acerca del pa\u00eds que nos quieren vender\u201d.<\/p>\n\n\n\n<p>Kicillof expres\u00f3 que la actitud de la ciudadan\u00eda en ayuda a los damnificados \u201cdemuestra una diferencia de concepci\u00f3n en el tipo de sociedad que queremos construir y cu\u00e1l es el motor real de esa sociedad\u201d, que se llama \u201csolidaridad\u201d.<\/p>\n\n\n\n<p>El gobernador lo expres\u00f3 ayer por la ma\u00f1ana durante el acto con el que dej\u00f3 inaugurado el nuevo edificio de la Escuela de Educaci\u00f3n Secundaria N\u00b0 1 Jorge Domingo Lamachia, en la ciudad bonaerense de Castelli, a 180 kil\u00f3metros al sur de la Capital Federal y que marc\u00f3 la inauguraci\u00f3n oficial del ciclo lectivo secundario 2025.<\/p>\n\n\n\n<p>El mandatario estuvo acompa\u00f1ado por el director General de Escuelas bonaerense, Alberto Sileoni; el intendente de Castelli, Francisco Echarren; y la directora del establecimiento, Anal\u00eda Beit\u00eda.<\/p>\n\n\n\n<p>\u201cSon \u00e9pocas donde, no solo en la Argentina y desde el Gobierno nacional y del propio Presidente, hay una corriente de pensamiento a nivel internacional que dice algo as\u00ed como que \u2018para que te vaya bien ten\u00e9s que esforzarte pero como si estuvi\u00e9ramos en una guerra de unos contra otros\u201d, se\u00f1al\u00f3 Kicillof.<\/p>\n\n\n\n<p>Agreg\u00f3 que ese pensamiento nos pone en \u201cla ley de la selva, la supervivencia del m\u00e1s apto, cada uno tiene que salvarse con su esfuerzo privado, individual y solo, como si los dem\u00e1s fueran competencia\u201d.<\/p>\n\n\n\n<p>\u201cLo que pas\u00f3 en Bah\u00eda Blanca nos llena de emoci\u00f3n porque estuvo el Estado, estuvieron todos los ministerios, los intendentes, los laburantes, los trabajadores de la salud. El hospital se nos inund\u00f3 con un metro de agua y fueron trabajadores de la salud de la provincia a ayudar a Bah\u00eda Blanca\u201d, enfatiz\u00f3.<\/p>\n\n\n\n<p>\u201cYo me permito decir -a\u00f1adi\u00f3 de inmediato- que es una enorme universal, masiva, mayoritaria refutaci\u00f3n acerca del pa\u00eds que nos quieren vender, qu\u00e9 buscamos y cu\u00e1l es nuestro objetivo\u201d.<\/p>\n\n\n\n<p>Para el gobernador \u201chay otro pa\u00eds, el real, que tiene que ver con nuestra cultura, con nuestra historia, con esta cuesti\u00f3n de generaciones que ayudan a otras generaciones y es el valor m\u00e1s grande y poderoso que tenemos es el de la solidaridad y el amor, no el odio, no el insulto, no la degradaci\u00f3n, no el s\u00e1lvese quien pueda, no el individualismo y no el ego\u00edsmo\u201d.<\/p>\n\n\n\n<p>\u201cGobernar con el latiguillo de \u2018no hay plata\u2019 es mucho m\u00e1s f\u00e1cil, es decirle a la gente \u2018arr\u00e9glense solos\u2019. Hoy en la provincia el actual Gobierno par\u00f3 mil obras. Pero ac\u00e1 en la provincia de Buenos Aires, por m\u00e1s dificultades que tengamos no paramos las obras\u201d, sentenci\u00f3.<\/p>\n\n\n\n<p>Kicillof dijo que en cinco a\u00f1os de gesti\u00f3n \u201cse inauguraron 242 escuelas en la provincia, otras 500 escuelas fueron reinauguradas, con 1.200 aulas nuevas\u201d, y destac\u00f3 que \u201cla educaci\u00f3n es la mejor inversi\u00f3n que puede hacer un Gobierno, y no invertir en educaci\u00f3n, como est\u00e1 pasando con el Gobierno nacional, es uno de los da\u00f1os m\u00e1s grandes\u201d, concluy\u00f3.<\/p>\n","protected":false},"excerpt":{"rendered":"<p>El gobernador<\/p>\n","protected":false},"author":1,"featured_media":56109,"comment_status":"closed","ping_status":"closed","sticky":false,"template":"","format":"standard","meta":{"footnotes":""},"categories":[1,5],"tags":[],"class_list":["post-56108","post","type-post","status-publish","format-standard","has-post-thumbnail","hentry","category-destacados","category-provincia"],"_links":{"self":[{"href":"https:\/\/panoramadelsur.com.ar\/index.php?rest_route=\/wp\/v2\/posts\/56108","targetHints":{"allow":["GET"]}}],"collection":[{"href":"https:\/\/panoramadelsur.com.ar\/index.php?rest_route=\/wp\/v2\/posts"}],"about":[{"href":"https:\/\/panoramadelsur.com.ar\/index.php?rest_route=\/wp\/v2\/types\/post"}],"author":[{"embeddable":true,"href":"https:\/\/panoramadelsur.com.ar\/index.php?rest_route=\/wp\/v2\/users\/1"}],"replies":[{"embeddable":true,"href":"https:\/\/panoramadelsur.com.ar\/index.php?rest_route=%2Fwp%2Fv2%2Fcomments&post=56108"}],"version-history":[{"count":1,"href":"https:\/\/panoramadelsur.com.ar\/index.php?rest_route=\/wp\/v2\/posts\/56108\/revisions"}],"predecessor-version":[{"id":56110,"href":"https:\/\/panoramadelsur.com.ar\/index.php?rest_route=\/wp\/v2\/posts\/56108\/revisions\/56110"}],"wp:featuredmedia":[{"embeddable":true,"href":"https:\/\/panoramadelsur.com.ar\/index.php?rest_route=\/wp\/v2\/media\/56109"}],"wp:attachment":[{"href":"https:\/\/panoramadelsur.com.ar\/index.php?rest_route=%2Fwp%2Fv2%2Fmedia&parent=56108"}],"wp:term":[{"taxonomy":"category","embeddable":true,"href":"https:\/\/panoramadelsur.com.ar\/index.php?rest_route=%2Fwp%2Fv2%2Fcategories&post=56108"},{"taxonomy":"post_tag","embeddable":true,"href":"https:\/\/panoramadelsur.com.ar\/index.php?rest_route=%2Fwp%2Fv2%2Ftags&post=56108"}],"curies":[{"name":"wp","href":"https:\/\/api.w.org\/{rel}","templated":true}]}}