{"id":56111,"date":"2025-03-13T01:01:00","date_gmt":"2025-03-13T04:01:00","guid":{"rendered":"https:\/\/panoramadelsur.com.ar\/?p=56111"},"modified":"2025-03-12T21:35:00","modified_gmt":"2025-03-13T00:35:00","slug":"kicillof-cuando-milei-habla-de-destruir-el-estado-omite-las-desigualdades-que-debe-reparar","status":"publish","type":"post","link":"https:\/\/panoramadelsur.com.ar\/?p=56111","title":{"rendered":"KICILLOF: \u00abCUANDO MILEI HABLA DE DESTRUIR EL ESTADO, OMITE LAS DESIGUALDADES QUE DEBE REPARAR\u00bb"},"content":{"rendered":"\n<p>El gobernador de Buenos Aires, Axel Kicillof, y el intendente de Avellaneda, Jorge Ferraresi, encabezaron la inauguraci\u00f3n de obras en escuelas locales y destacaron el valor del Estado para \u00abreparar\u00bb desigualdades.<\/p>\n\n\n\n<p>\u201cCada vez que vengo a Avellaneda me llevo una buena idea o un programa innovador creado por este gran intendente, para llevar e implementar en toda la provincia. Hoy, cuando Milei habla de destruir el Estado, omite las desigualdades, injusticias y es el Estado quien las debe reparar. Por eso, ese ejemplo de Estado que nos merecemos y so\u00f1amos es este que encontramos en Avellaneda\u201d, enfatiz\u00f3 Kicillof.<\/p>\n\n\n\n<p>Y enfatiz\u00f3: \u201cCon el argumento de que no hay plata, el Gobierno nacional nos quit\u00f3 ilegalmente una gran parte de los recursos que nos correspond\u00edan y paraliz\u00f3 mil obras en territorio bonaerense: 80 de ellas est\u00e1n vinculadas a escuelas e infraestructura educativa\u201d.<\/p>\n\n\n\n<p>Por su parte, Ferraresi remarc\u00f3 que \u201clas inauguraciones son un claro reflejo del compromiso que tiene el Gobierno provincial para garantizar el acceso a m\u00e1s derechos de todas y todos los vecinos de Avellaneda\u201d.<\/p>\n\n\n\n<p>\u201cEs imposible pensar en el desarrollo de nuestro pa\u00eds, de nuestra provincia y de los municipios sin un Estado presente que trabaje para el bienestar de su pueblo\u201d, agreg\u00f3 el jefe comunal.<\/p>\n\n\n\n<p>En el Centro Cultural Mercado se pusieron en funcionamiento 86 m\u00f3viles policiales que fueron reacondicionados por el municipio para fortalecer la gesti\u00f3n de la seguridad, con una inversi\u00f3n de $ 79.880.922.<\/p>\n\n\n\n<p>Luego, el Ministerio de Justicia y Derechos Humanos y el Municipio firmaron un convenio de colaboraci\u00f3n para facilitar la gesti\u00f3n de tr\u00e1mites administrativos de las asociaciones civiles, clubes y ONGs locales.<\/p>\n\n\n\n<p>Finalmente, a trav\u00e9s del programa \u201cMi Escritura, Mi Casa\u201d, se otorgaron 603 escrituras gratuitas destinadas a familias del distrito y as\u00ed se alcanzaron los 1.312 t\u00edtulos de propiedad entregados en Avellaneda, desde el inicio de la gesti\u00f3n.<\/p>\n","protected":false},"excerpt":{"rendered":"<p>El gobernador<\/p>\n","protected":false},"author":1,"featured_media":56112,"comment_status":"closed","ping_status":"closed","sticky":false,"template":"","format":"standard","meta":{"footnotes":""},"categories":[1,5],"tags":[],"class_list":["post-56111","post","type-post","status-publish","format-standard","has-post-thumbnail","hentry","category-destacados","category-provincia"],"_links":{"self":[{"href":"https:\/\/panoramadelsur.com.ar\/index.php?rest_route=\/wp\/v2\/posts\/56111","targetHints":{"allow":["GET"]}}],"collection":[{"href":"https:\/\/panoramadelsur.com.ar\/index.php?rest_route=\/wp\/v2\/posts"}],"about":[{"href":"https:\/\/panoramadelsur.com.ar\/index.php?rest_route=\/wp\/v2\/types\/post"}],"author":[{"embeddable":true,"href":"https:\/\/panoramadelsur.com.ar\/index.php?rest_route=\/wp\/v2\/users\/1"}],"replies":[{"embeddable":true,"href":"https:\/\/panoramadelsur.com.ar\/index.php?rest_route=%2Fwp%2Fv2%2Fcomments&post=56111"}],"version-history":[{"count":1,"href":"https:\/\/panoramadelsur.com.ar\/index.php?rest_route=\/wp\/v2\/posts\/56111\/revisions"}],"predecessor-version":[{"id":56113,"href":"https:\/\/panoramadelsur.com.ar\/index.php?rest_route=\/wp\/v2\/posts\/56111\/revisions\/56113"}],"wp:featuredmedia":[{"embeddable":true,"href":"https:\/\/panoramadelsur.com.ar\/index.php?rest_route=\/wp\/v2\/media\/56112"}],"wp:attachment":[{"href":"https:\/\/panoramadelsur.com.ar\/index.php?rest_route=%2Fwp%2Fv2%2Fmedia&parent=56111"}],"wp:term":[{"taxonomy":"category","embeddable":true,"href":"https:\/\/panoramadelsur.com.ar\/index.php?rest_route=%2Fwp%2Fv2%2Fcategories&post=56111"},{"taxonomy":"post_tag","embeddable":true,"href":"https:\/\/panoramadelsur.com.ar\/index.php?rest_route=%2Fwp%2Fv2%2Ftags&post=56111"}],"curies":[{"name":"wp","href":"https:\/\/api.w.org\/{rel}","templated":true}]}}