{"id":56196,"date":"2025-04-03T01:02:00","date_gmt":"2025-04-03T04:02:00","guid":{"rendered":"https:\/\/panoramadelsur.com.ar\/?p=56196"},"modified":"2025-04-03T01:09:54","modified_gmt":"2025-04-03T04:09:54","slug":"a-la-pista-de-baile","status":"publish","type":"post","link":"https:\/\/panoramadelsur.com.ar\/?p=56196","title":{"rendered":"\u00a1A LA PISTA DE BAILE!"},"content":{"rendered":"\n<p>Para recibir el cuarto mes del a\u00f1o, el Ejecutivo local programa una nueva entrega de la tradicional \u00abMilonga en Cultura\u00bb el viernes 4 desde las 19 hs. en la dependencia ubicada en calle Mitre N\u00ba149.<\/p>\n\n\n\n<p>\u201cLos y las entusiastas del 2&#215;4 tendr\u00e1n una clase abierta con los bailarines Gisela P\u00e9rez y Sa\u00fal Pe\u00f1a\u201d, adelanta Mariana Zunino, directora de Instrumentaci\u00f3n de Talleres.<\/p>\n\n\n\n<p>\u201cAdem\u00e1s, disfrutaremos de m\u00fasica en vivo a cargo de la Orquesta Municipal de Tango, con las voces de Sergio Balestracci y Lorena Fern\u00e1ndez\u201d, concluye Zunino.<\/p>\n","protected":false},"excerpt":{"rendered":"<p>Para recibir<\/p>\n","protected":false},"author":1,"featured_media":56197,"comment_status":"closed","ping_status":"closed","sticky":false,"template":"","format":"standard","meta":{"footnotes":""},"categories":[8,3],"tags":[],"class_list":["post-56196","post","type-post","status-publish","format-standard","has-post-thumbnail","hentry","category-para-agendar","category-regionales"],"_links":{"self":[{"href":"https:\/\/panoramadelsur.com.ar\/index.php?rest_route=\/wp\/v2\/posts\/56196","targetHints":{"allow":["GET"]}}],"collection":[{"href":"https:\/\/panoramadelsur.com.ar\/index.php?rest_route=\/wp\/v2\/posts"}],"about":[{"href":"https:\/\/panoramadelsur.com.ar\/index.php?rest_route=\/wp\/v2\/types\/post"}],"author":[{"embeddable":true,"href":"https:\/\/panoramadelsur.com.ar\/index.php?rest_route=\/wp\/v2\/users\/1"}],"replies":[{"embeddable":true,"href":"https:\/\/panoramadelsur.com.ar\/index.php?rest_route=%2Fwp%2Fv2%2Fcomments&post=56196"}],"version-history":[{"count":1,"href":"https:\/\/panoramadelsur.com.ar\/index.php?rest_route=\/wp\/v2\/posts\/56196\/revisions"}],"predecessor-version":[{"id":56198,"href":"https:\/\/panoramadelsur.com.ar\/index.php?rest_route=\/wp\/v2\/posts\/56196\/revisions\/56198"}],"wp:featuredmedia":[{"embeddable":true,"href":"https:\/\/panoramadelsur.com.ar\/index.php?rest_route=\/wp\/v2\/media\/56197"}],"wp:attachment":[{"href":"https:\/\/panoramadelsur.com.ar\/index.php?rest_route=%2Fwp%2Fv2%2Fmedia&parent=56196"}],"wp:term":[{"taxonomy":"category","embeddable":true,"href":"https:\/\/panoramadelsur.com.ar\/index.php?rest_route=%2Fwp%2Fv2%2Fcategories&post=56196"},{"taxonomy":"post_tag","embeddable":true,"href":"https:\/\/panoramadelsur.com.ar\/index.php?rest_route=%2Fwp%2Fv2%2Ftags&post=56196"}],"curies":[{"name":"wp","href":"https:\/\/api.w.org\/{rel}","templated":true}]}}