{"id":56290,"date":"2025-04-14T01:05:00","date_gmt":"2025-04-14T04:05:00","guid":{"rendered":"https:\/\/panoramadelsur.com.ar\/?p=56290"},"modified":"2025-04-12T21:01:01","modified_gmt":"2025-04-13T00:01:01","slug":"la-argentina-recibira-este-martes-us-12-000-millones-del-fmi","status":"publish","type":"post","link":"https:\/\/panoramadelsur.com.ar\/?p=56290","title":{"rendered":"LA ARGENTINA RECIBIR\u00c1 ESTE MARTES U$S 12.000 MILLONES DEL FMI"},"content":{"rendered":"\n<p>El FMI girar\u00e1 este martes a la Argentina US$ 12.000 millones, en el marco del nuevo acuerdo financiero, anunci\u00f3 al ministro de Econom\u00eda, Luis Caputo.<\/p>\n\n\n\n<p>El funcionario dijo que, hasta junio, llegar\u00e1n US$ 19.600 millones al pa\u00eds para fortalecer las reservas del BCRA.<\/p>\n\n\n\n<p>De ese total, a los US$ 12.000 millones del FMI que llegar\u00e1n el martes se sumar\u00e1n otros US$ 2.000 millones en junio.<\/p>\n\n\n\n<p>Adem\u00e1s, organismos multilaterales como el Banco Mundial y el BID aportar\u00e1n antes de la mitad del a\u00f1o US$ 3.600 millones.<\/p>\n\n\n\n<p>Y tambi\u00e9n el BCRA acordar\u00e1 un cr\u00e9dito REPO por otros US$ 2.000 millones.<\/p>\n\n\n\n<p>Caputo dijo que el pa\u00eds tambi\u00e9n recibir\u00e1 desembolsos adicionales pore&nbsp;US$ 3.500 millones&nbsp;(US$ 1.000 millones del FMI y otros US$ 2.500 millones de organismos).<\/p>\n\n\n\n<p>El ministro dijo que, en total, la Argentina contar\u00e1 este a\u00f1o con&nbsp;\u201cdesembolsos de libre disponibilidad por US$ 23.100 millones\u201d.<\/p>\n","protected":false},"excerpt":{"rendered":"<p>El FMI<\/p>\n","protected":false},"author":1,"featured_media":56291,"comment_status":"closed","ping_status":"closed","sticky":false,"template":"","format":"standard","meta":{"footnotes":""},"categories":[4],"tags":[],"class_list":["post-56290","post","type-post","status-publish","format-standard","has-post-thumbnail","hentry","category-nacionales"],"_links":{"self":[{"href":"https:\/\/panoramadelsur.com.ar\/index.php?rest_route=\/wp\/v2\/posts\/56290","targetHints":{"allow":["GET"]}}],"collection":[{"href":"https:\/\/panoramadelsur.com.ar\/index.php?rest_route=\/wp\/v2\/posts"}],"about":[{"href":"https:\/\/panoramadelsur.com.ar\/index.php?rest_route=\/wp\/v2\/types\/post"}],"author":[{"embeddable":true,"href":"https:\/\/panoramadelsur.com.ar\/index.php?rest_route=\/wp\/v2\/users\/1"}],"replies":[{"embeddable":true,"href":"https:\/\/panoramadelsur.com.ar\/index.php?rest_route=%2Fwp%2Fv2%2Fcomments&post=56290"}],"version-history":[{"count":1,"href":"https:\/\/panoramadelsur.com.ar\/index.php?rest_route=\/wp\/v2\/posts\/56290\/revisions"}],"predecessor-version":[{"id":56292,"href":"https:\/\/panoramadelsur.com.ar\/index.php?rest_route=\/wp\/v2\/posts\/56290\/revisions\/56292"}],"wp:featuredmedia":[{"embeddable":true,"href":"https:\/\/panoramadelsur.com.ar\/index.php?rest_route=\/wp\/v2\/media\/56291"}],"wp:attachment":[{"href":"https:\/\/panoramadelsur.com.ar\/index.php?rest_route=%2Fwp%2Fv2%2Fmedia&parent=56290"}],"wp:term":[{"taxonomy":"category","embeddable":true,"href":"https:\/\/panoramadelsur.com.ar\/index.php?rest_route=%2Fwp%2Fv2%2Fcategories&post=56290"},{"taxonomy":"post_tag","embeddable":true,"href":"https:\/\/panoramadelsur.com.ar\/index.php?rest_route=%2Fwp%2Fv2%2Ftags&post=56290"}],"curies":[{"name":"wp","href":"https:\/\/api.w.org\/{rel}","templated":true}]}}