{"id":56318,"date":"2025-04-14T01:02:00","date_gmt":"2025-04-14T04:02:00","guid":{"rendered":"https:\/\/panoramadelsur.com.ar\/?p=56318"},"modified":"2025-04-12T18:25:53","modified_gmt":"2025-04-12T21:25:53","slug":"la-familia-de-paloma-pidio-la-detencion-de-un-sospechoso-con-antecedentes-estuvo-en-el-dia-de-los-hechos","status":"publish","type":"post","link":"https:\/\/panoramadelsur.com.ar\/?p=56318","title":{"rendered":"LA FAMILIA DE PALOMA PIDI\u00d3 LA DETENCI\u00d3N DE UN SOSPECHOSO CON ANTECEDENTES: \u00abESTUVO EN EL D\u00cdA DE LOS HECHOS\u00bb"},"content":{"rendered":"\n<p>El abogado de la familia de Paloma Gallardo, la adolescente de 16 a\u00f1os que fue asesinada junto a Josu\u00e9 Salvatierra en Florencio Varela, afirm\u00f3 que solicit\u00f3 la detenci\u00f3n de un hombre de 30 a\u00f1os que habr\u00eda estado en el descampado donde fueron halladas muertas las v\u00edctimas.<\/p>\n\n\n\n<p>En di\u00e1logo con la Agencia Noticias Argentinas, An\u00edbal Osorio sostuvo que le pidi\u00f3 al fiscal Dar\u00edo Provisionato que se expida al respecto, dado que hay elementos probatorios y testigos que \u00abrespaldan esa teor\u00eda\u00bb.<\/p>\n\n\n\n<p>\u00abEs un vecino de la zona y se lo vio cerca del puente ferroviario donde se hallaron los cuerpos\u00bb, destac\u00f3 el letrado, quien no revel\u00f3 la identidad.<\/p>\n\n\n\n<p>En este sentido, destac\u00f3 que el presunto implicado tiene antecedentes penales por intento de homicidio, robo con uso de armas, al tiempo que en su legajo consta una causa iniciada el d\u00eda anterior a los asesinatos: \u00abUn jubilado denunci\u00f3 que este hombre intent\u00f3 robarle la bicicleta en la zona debajo del puente de la ruta 36 y tambi\u00e9n quiso agredirlo con una piedra\u00bb.<\/p>\n\n\n\n<p>\u00abLa verdad no entendemos por qu\u00e9 no est\u00e1 detenido\u00bb, insisti\u00f3 el asesor de Omar Gallardo y Alicia Pita.<\/p>\n\n\n\n<p>Osorio consign\u00f3 que los padres de Paloma charlaron con la fiscal\u00eda y reiteraron el pedido de aprehensi\u00f3n: \u00abAlgo debe saber el fiscal\u00bb.<\/p>\n\n\n\n<p>Sin embargo, se\u00f1al\u00f3 que no trabaja en conjunto con Carlos Dieguez, representante de la familia de Josu\u00e9, ya que tiene una \u00abpostura distinta\u00bb en el caso: \u00abPiensa que es un crimen relacionado con la religi\u00f3n y pide investigar a los Gallardo, pero no tiene avales probatorios, solo conjeturas\u00bb.<\/p>\n\n\n\n<p>\u00abSi tuviera pruebas, deber\u00eda haber pedido la detenci\u00f3n del familiar que resulta sospechoso para \u00e9l\u00bb, concluy\u00f3.<\/p>\n","protected":false},"excerpt":{"rendered":"<p>El abogado<\/p>\n","protected":false},"author":1,"featured_media":56319,"comment_status":"closed","ping_status":"closed","sticky":false,"template":"","format":"standard","meta":{"footnotes":""},"categories":[10,3],"tags":[30],"class_list":["post-56318","post","type-post","status-publish","format-standard","has-post-thumbnail","hentry","category-mas-noticias","category-regionales","tag-varela"],"_links":{"self":[{"href":"https:\/\/panoramadelsur.com.ar\/index.php?rest_route=\/wp\/v2\/posts\/56318","targetHints":{"allow":["GET"]}}],"collection":[{"href":"https:\/\/panoramadelsur.com.ar\/index.php?rest_route=\/wp\/v2\/posts"}],"about":[{"href":"https:\/\/panoramadelsur.com.ar\/index.php?rest_route=\/wp\/v2\/types\/post"}],"author":[{"embeddable":true,"href":"https:\/\/panoramadelsur.com.ar\/index.php?rest_route=\/wp\/v2\/users\/1"}],"replies":[{"embeddable":true,"href":"https:\/\/panoramadelsur.com.ar\/index.php?rest_route=%2Fwp%2Fv2%2Fcomments&post=56318"}],"version-history":[{"count":1,"href":"https:\/\/panoramadelsur.com.ar\/index.php?rest_route=\/wp\/v2\/posts\/56318\/revisions"}],"predecessor-version":[{"id":56320,"href":"https:\/\/panoramadelsur.com.ar\/index.php?rest_route=\/wp\/v2\/posts\/56318\/revisions\/56320"}],"wp:featuredmedia":[{"embeddable":true,"href":"https:\/\/panoramadelsur.com.ar\/index.php?rest_route=\/wp\/v2\/media\/56319"}],"wp:attachment":[{"href":"https:\/\/panoramadelsur.com.ar\/index.php?rest_route=%2Fwp%2Fv2%2Fmedia&parent=56318"}],"wp:term":[{"taxonomy":"category","embeddable":true,"href":"https:\/\/panoramadelsur.com.ar\/index.php?rest_route=%2Fwp%2Fv2%2Fcategories&post=56318"},{"taxonomy":"post_tag","embeddable":true,"href":"https:\/\/panoramadelsur.com.ar\/index.php?rest_route=%2Fwp%2Fv2%2Ftags&post=56318"}],"curies":[{"name":"wp","href":"https:\/\/api.w.org\/{rel}","templated":true}]}}