{"id":56321,"date":"2025-04-14T01:01:00","date_gmt":"2025-04-14T04:01:00","guid":{"rendered":"https:\/\/panoramadelsur.com.ar\/?p=56321"},"modified":"2025-04-12T21:00:36","modified_gmt":"2025-04-13T00:00:36","slug":"denuncian-a-milei-y-caputo-por-malversacion-fondos-publicos","status":"publish","type":"post","link":"https:\/\/panoramadelsur.com.ar\/?p=56321","title":{"rendered":"DENUNCIAN A MILEI Y CAPUTO POR \u00abMALVERSACI\u00d3N FONDOS P\u00daBLICOS\u00bb"},"content":{"rendered":"\n<p>El abogado Leonardo Mart\u00ednez denunci\u00f3 al presidente de la Naci\u00f3n, Javier Gerardo Milei, al Ministro de Econom\u00eda, Luis Caputo y al directorio del Banco Central de la Rep\u00fablica Argentina (BCRA) por la liquidaci\u00f3n de 398 millones de d\u00f3lares el viernes.<\/p>\n\n\n\n<p>El letrado le imputa a Milei, Caputo y al directorio del BCRA, el delito de malversaci\u00f3n de fondos p\u00fablicos al haber favorecido la compra de divisas a 1.097,50 pesos por d\u00f3lar, cuando ya sab\u00edan que el Poder Ejecutivo iba a anunciar un cambio en el sistema cambiario con una banda de flotaci\u00f3n de entre 1.000 y 1.400 pesos por d\u00f3lar.<\/p>\n\n\n\n<p>Mart\u00ednez Herrero pidi\u00f3 pericias para conocer la identidad de todos los compradores favorecidos e incluso el allanamiento del BCRA, adem\u00e1s, solicit\u00f3 la intervenci\u00f3n de la Corte Suprema de Justicia.<\/p>\n","protected":false},"excerpt":{"rendered":"<p>El abogado<\/p>\n","protected":false},"author":1,"featured_media":56322,"comment_status":"closed","ping_status":"closed","sticky":false,"template":"","format":"standard","meta":{"footnotes":""},"categories":[10,4],"tags":[],"class_list":["post-56321","post","type-post","status-publish","format-standard","has-post-thumbnail","hentry","category-mas-noticias","category-nacionales"],"_links":{"self":[{"href":"https:\/\/panoramadelsur.com.ar\/index.php?rest_route=\/wp\/v2\/posts\/56321","targetHints":{"allow":["GET"]}}],"collection":[{"href":"https:\/\/panoramadelsur.com.ar\/index.php?rest_route=\/wp\/v2\/posts"}],"about":[{"href":"https:\/\/panoramadelsur.com.ar\/index.php?rest_route=\/wp\/v2\/types\/post"}],"author":[{"embeddable":true,"href":"https:\/\/panoramadelsur.com.ar\/index.php?rest_route=\/wp\/v2\/users\/1"}],"replies":[{"embeddable":true,"href":"https:\/\/panoramadelsur.com.ar\/index.php?rest_route=%2Fwp%2Fv2%2Fcomments&post=56321"}],"version-history":[{"count":1,"href":"https:\/\/panoramadelsur.com.ar\/index.php?rest_route=\/wp\/v2\/posts\/56321\/revisions"}],"predecessor-version":[{"id":56323,"href":"https:\/\/panoramadelsur.com.ar\/index.php?rest_route=\/wp\/v2\/posts\/56321\/revisions\/56323"}],"wp:featuredmedia":[{"embeddable":true,"href":"https:\/\/panoramadelsur.com.ar\/index.php?rest_route=\/wp\/v2\/media\/56322"}],"wp:attachment":[{"href":"https:\/\/panoramadelsur.com.ar\/index.php?rest_route=%2Fwp%2Fv2%2Fmedia&parent=56321"}],"wp:term":[{"taxonomy":"category","embeddable":true,"href":"https:\/\/panoramadelsur.com.ar\/index.php?rest_route=%2Fwp%2Fv2%2Fcategories&post=56321"},{"taxonomy":"post_tag","embeddable":true,"href":"https:\/\/panoramadelsur.com.ar\/index.php?rest_route=%2Fwp%2Fv2%2Ftags&post=56321"}],"curies":[{"name":"wp","href":"https:\/\/api.w.org\/{rel}","templated":true}]}}