{"id":56378,"date":"2025-04-28T01:08:00","date_gmt":"2025-04-28T04:08:00","guid":{"rendered":"https:\/\/panoramadelsur.com.ar\/?p=56378"},"modified":"2025-04-27T16:29:44","modified_gmt":"2025-04-27T19:29:44","slug":"la-camara-de-la-construccion-alerta-sobre-la-falta-de-mantenimiento-en-obras-clave","status":"publish","type":"post","link":"https:\/\/panoramadelsur.com.ar\/?p=56378","title":{"rendered":"LA C\u00c1MARA DE LA CONSTRUCCI\u00d3N ALERTA SOBRE LA FALTA DE MANTENIMIENTO EN OBRAS CLAVE"},"content":{"rendered":"\n<p>La C\u00e1mara Argentina de Construcci\u00f3n reconoci\u00f3 los avances en materia de pol\u00edtica econ\u00f3mica, destacando la recuperaci\u00f3n del super\u00e1vit fiscal, la previsibilidad macroecon\u00f3mica y la flexibilizaci\u00f3n del mercado cambiario como se\u00f1ales positivas para la inversi\u00f3n en infraestructura.<\/p>\n\n\n\n<p>Sin embargo, advirti\u00f3 que la industria atraviesa uno de sus momentos m\u00e1s desafiantes y que la recuperaci\u00f3n del sector necesita medidas concretas y urgentes, durante la 145\u00b0 reuni\u00f3n del Consejo Federal de la C\u00e1mara Argentina de la Construcci\u00f3n, realizada en la Ciudad de Santa Fe.<\/p>\n\n\n\n<p>En ese marco, la C\u00e1mara remarc\u00f3 la necesidad de potenciar mecanismos de financiamiento privado, como fideicomisos y asociaciones p\u00fablico-privadas, para dinamizar la construcci\u00f3n y el mantenimiento de infraestructura.<\/p>\n\n\n\n<p>Valor\u00f3 el llamado a licitaciones de concesiones viales y subray\u00f3 la importancia de contar con equipos t\u00e9cnicos capacitados en todos los niveles del Estado para garantizar una gesti\u00f3n eficaz de esos proyectos. Tambi\u00e9n se\u00f1al\u00f3 que, aunque algunas provincias han sostenido el ritmo de inversi\u00f3n, la situaci\u00f3n general en el pa\u00eds sigue siendo desigual.<\/p>\n\n\n\n<p>Uno de los aspectos m\u00e1s cr\u00edticos, seg\u00fan la declaraci\u00f3n, es la falta de mantenimiento de la infraestructura existente. La C\u00e1mara alert\u00f3 que el deterioro de rutas, puentes, edificios p\u00fablicos y sistemas esenciales no solo impacta en la calidad de vida de la poblaci\u00f3n, sino que tambi\u00e9n eleva los costos log\u00edsticos y compromete la competitividad del pa\u00eds. Exhort\u00f3 a implementar una planificaci\u00f3n integral y sostenida que priorice la conservaci\u00f3n de las obras ya realizadas.<\/p>\n\n\n\n<p>Finalmente, la instituci\u00f3n celebr\u00f3 la aprobaci\u00f3n del r\u00e9gimen de hipotecas divisibles y la reactivaci\u00f3n del cr\u00e9dito hipotecario como se\u00f1ales de esperanza, en un contexto de d\u00e9ficit habitacional creciente.<\/p>\n\n\n\n<p>Llam\u00f3 a una articulaci\u00f3n eficiente entre el sector p\u00fablico y privado para transformar a la construcci\u00f3n en un verdadero motor de desarrollo econ\u00f3mico y social, con pol\u00edticas de inversi\u00f3n de mediano y largo plazo.<\/p>\n","protected":false},"excerpt":{"rendered":"<p>La C\u00e1mara<\/p>\n","protected":false},"author":1,"featured_media":56379,"comment_status":"closed","ping_status":"closed","sticky":false,"template":"","format":"standard","meta":{"footnotes":""},"categories":[4],"tags":[],"class_list":["post-56378","post","type-post","status-publish","format-standard","has-post-thumbnail","hentry","category-nacionales"],"_links":{"self":[{"href":"https:\/\/panoramadelsur.com.ar\/index.php?rest_route=\/wp\/v2\/posts\/56378","targetHints":{"allow":["GET"]}}],"collection":[{"href":"https:\/\/panoramadelsur.com.ar\/index.php?rest_route=\/wp\/v2\/posts"}],"about":[{"href":"https:\/\/panoramadelsur.com.ar\/index.php?rest_route=\/wp\/v2\/types\/post"}],"author":[{"embeddable":true,"href":"https:\/\/panoramadelsur.com.ar\/index.php?rest_route=\/wp\/v2\/users\/1"}],"replies":[{"embeddable":true,"href":"https:\/\/panoramadelsur.com.ar\/index.php?rest_route=%2Fwp%2Fv2%2Fcomments&post=56378"}],"version-history":[{"count":1,"href":"https:\/\/panoramadelsur.com.ar\/index.php?rest_route=\/wp\/v2\/posts\/56378\/revisions"}],"predecessor-version":[{"id":56380,"href":"https:\/\/panoramadelsur.com.ar\/index.php?rest_route=\/wp\/v2\/posts\/56378\/revisions\/56380"}],"wp:featuredmedia":[{"embeddable":true,"href":"https:\/\/panoramadelsur.com.ar\/index.php?rest_route=\/wp\/v2\/media\/56379"}],"wp:attachment":[{"href":"https:\/\/panoramadelsur.com.ar\/index.php?rest_route=%2Fwp%2Fv2%2Fmedia&parent=56378"}],"wp:term":[{"taxonomy":"category","embeddable":true,"href":"https:\/\/panoramadelsur.com.ar\/index.php?rest_route=%2Fwp%2Fv2%2Fcategories&post=56378"},{"taxonomy":"post_tag","embeddable":true,"href":"https:\/\/panoramadelsur.com.ar\/index.php?rest_route=%2Fwp%2Fv2%2Ftags&post=56378"}],"curies":[{"name":"wp","href":"https:\/\/api.w.org\/{rel}","templated":true}]}}