{"id":56390,"date":"2025-04-28T01:04:00","date_gmt":"2025-04-28T04:04:00","guid":{"rendered":"https:\/\/panoramadelsur.com.ar\/?p=56390"},"modified":"2025-04-27T16:51:50","modified_gmt":"2025-04-27T19:51:50","slug":"berazategui-servicios-de-guardia-para-el-1-y-2-de-mayo","status":"publish","type":"post","link":"https:\/\/panoramadelsur.com.ar\/?p=56390","title":{"rendered":"BERAZATEGUI: SERVICIOS DE GUARDIA PARA EL 1 Y 2 DE MAYO"},"content":{"rendered":"\n<p class=\"wp-block-paragraph\">La Municipalidad de Berazategui informa c\u00f3mo funcionar\u00e1n las distintas Dependencias durante el jueves 1\u00b0 y viernes 2 de mayo, feriado nacional y d\u00eda no laborable, con motivo del D\u00eda Internacional de los Trabajadores y Trabajadoras.<\/p>\n\n\n\n<p class=\"wp-block-paragraph\">En primer lugar, se solicita a los vecinos y vecinas no sacar los residuos domiciliarios el mi\u00e9rcoles 30 de abril ni el jueves 1\u00b0 de mayo; y hacerlo a partir del viernes 02\/05, en el horario habitual de 19.00 a 21.00.<\/p>\n\n\n\n<p class=\"wp-block-paragraph\">Para urgencias m\u00e9dicas, estos Centros de Atenci\u00f3n Primaria de Salud (CAPS) permanecer\u00e1n de guardia las 24 horas:<\/p>\n\n\n\n<p class=\"wp-block-paragraph\">-CAPS N\u00b0 1 Dr. Javier S\u00e1batto: Av. 14 e\/ 131 y 132, Berazategui Oeste.<br>-CAPS N\u00b0 2: calle 159 e\/ 54 y 55, Hudson.<br>-CAPS N\u00b0 3: calle 457 A y 415, Guti\u00e9rrez.<br>-CAPS N\u00b0 5: calle 159 B e\/ 23 y 24, Berazategui.<br>-CAPS N\u00b0 11: calle 517 y 611, Ruta 36 (ex Ruta 2) km 38,5, El Pato.<br>-CAPS N\u00b0 14: calle 151 A y 35, Pl\u00e1tanos.<\/p>\n\n\n\n<p class=\"wp-block-paragraph\">Adem\u00e1s, para los y las berazateguenses que lo requieran, estar\u00e1n disponibles los siguientes puntos de vacunaci\u00f3n: Vacunatorio Mujeres de Malvinas (calle 52 B e\/ 134 y 135 A, Hudson), de 10.00 a 14.00; y la posta fija de Av. 14 y 147, de 10.00 a 14.00 (se suspende en caso de lluvia).<\/p>\n\n\n\n<p class=\"wp-block-paragraph\">Tambi\u00e9n estar\u00e1 disponible el servicio de ambulancias y de atenci\u00f3n de emergencias (SAME\/CEM), al que podr\u00e1n comunicarse marcando el 107 o el 4356-9215.<\/p>\n\n\n\n<p class=\"wp-block-paragraph\">Por su parte, el \u00e1rea de Alumbrado P\u00fablico cumplir\u00e1 guardia para atender emergencias; al igual que Servicios Sanitarios, que garantizar\u00e1 las de agua y desobstrucci\u00f3n de cloacas.<\/p>\n\n\n\n<p class=\"wp-block-paragraph\">En tanto, el Cementerio Parque Municipal (Av. Milazzo y 368 B) atender\u00e1 consultas administrativas de 8.00 a 12.30; y permanecer\u00e1 abierto hasta las 17.00 para visitas.<\/p>\n\n\n\n<p class=\"wp-block-paragraph\">Con respecto al Centro Municipal de Gesti\u00f3n Sustentable (Av. Padre Mugica -33- y 162), no funcionar\u00e1 el jueves 1\u00b0 pero s\u00ed el viernes 2 de mayo, de 06.00 a 13.00. En esa franja horaria podr\u00e1n llevarse residuos voluminosos, como ramas, escombros, tierra, muebles, aparatos electr\u00f3nicos y chatarra.<\/p>\n\n\n\n<p class=\"wp-block-paragraph\">A su vez, los tres Centros de Operaciones Municipales (COM) -Berazategui, Renelagh y Guti\u00e9rrez- responder\u00e1n los llamados de emergencias las 24 horas y en forma rotativa, al 0800-999-2525\/0247.<\/p>\n\n\n\n<p class=\"wp-block-paragraph\">Asimismo, la Direcci\u00f3n de Asistencia a la Comunidad -dependiente de la Secretar\u00eda de Desarrollo Social, Recreaci\u00f3n, Turismo y Deportes- brindar\u00e1 atenci\u00f3n el viernes 2 y el s\u00e1bado 3 de mayo, de 8.00 a 13.00, en el 1er piso del Edificio Municipal (Av. 14 y 131 A). Quienes lo requieran, pueden comunicarse al 4356-9200 (Int. 1319\/1322\/1122\/1123).<\/p>\n\n\n\n<p class=\"wp-block-paragraph\">Finalmente, el Municipio informa que el \u00e1rea de Licencias de conducir permanecer\u00e1 cerrada.<\/p>\n","protected":false},"excerpt":{"rendered":"<p>La Municipalidad<\/p>\n","protected":false},"author":1,"featured_media":56391,"comment_status":"closed","ping_status":"closed","sticky":false,"template":"","format":"standard","meta":{"footnotes":""},"categories":[8,3],"tags":[40],"class_list":["post-56390","post","type-post","status-publish","format-standard","has-post-thumbnail","hentry","category-para-agendar","category-regionales","tag-berazategui"],"_links":{"self":[{"href":"https:\/\/panoramadelsur.com.ar\/index.php?rest_route=\/wp\/v2\/posts\/56390","targetHints":{"allow":["GET"]}}],"collection":[{"href":"https:\/\/panoramadelsur.com.ar\/index.php?rest_route=\/wp\/v2\/posts"}],"about":[{"href":"https:\/\/panoramadelsur.com.ar\/index.php?rest_route=\/wp\/v2\/types\/post"}],"author":[{"embeddable":true,"href":"https:\/\/panoramadelsur.com.ar\/index.php?rest_route=\/wp\/v2\/users\/1"}],"replies":[{"embeddable":true,"href":"https:\/\/panoramadelsur.com.ar\/index.php?rest_route=%2Fwp%2Fv2%2Fcomments&post=56390"}],"version-history":[{"count":1,"href":"https:\/\/panoramadelsur.com.ar\/index.php?rest_route=\/wp\/v2\/posts\/56390\/revisions"}],"predecessor-version":[{"id":56392,"href":"https:\/\/panoramadelsur.com.ar\/index.php?rest_route=\/wp\/v2\/posts\/56390\/revisions\/56392"}],"wp:featuredmedia":[{"embeddable":true,"href":"https:\/\/panoramadelsur.com.ar\/index.php?rest_route=\/wp\/v2\/media\/56391"}],"wp:attachment":[{"href":"https:\/\/panoramadelsur.com.ar\/index.php?rest_route=%2Fwp%2Fv2%2Fmedia&parent=56390"}],"wp:term":[{"taxonomy":"category","embeddable":true,"href":"https:\/\/panoramadelsur.com.ar\/index.php?rest_route=%2Fwp%2Fv2%2Fcategories&post=56390"},{"taxonomy":"post_tag","embeddable":true,"href":"https:\/\/panoramadelsur.com.ar\/index.php?rest_route=%2Fwp%2Fv2%2Ftags&post=56390"}],"curies":[{"name":"wp","href":"https:\/\/api.w.org\/{rel}","templated":true}]}}