{"id":56396,"date":"2025-04-28T01:09:00","date_gmt":"2025-04-28T04:09:00","guid":{"rendered":"https:\/\/panoramadelsur.com.ar\/?p=56396"},"modified":"2025-04-27T17:00:35","modified_gmt":"2025-04-27T20:00:35","slug":"misa-de-exequias-del-papa-francisco-en-la-diocesis-de-quilmes","status":"publish","type":"post","link":"https:\/\/panoramadelsur.com.ar\/?p=56396","title":{"rendered":"MISA DE EXEQUIAS DEL PAPA FRANCISCO EN LA DI\u00d3CESIS DE QUILMES"},"content":{"rendered":"\n<p>La Di\u00f3cesis de Quilmes, unida a toda la Iglesia, celebr\u00f3 el s\u00e1bado 26 de abril la Misa de Exequias del Papa Francisco que presidi\u00f3 el Padre Obispo Carlos Jos\u00e9 Tissera en la Iglesia Catedral de Quilmes:&nbsp;<em>\u201cLa Iglesia y la humanidad entera hoy siente algo de orfandad; sentimos la muerte de un padre que nos ha mostrado la ternura del amor de Dios: el querido Papa Francisco. Nos sentimos part\u00edcipes de los sentimientos de los disc\u00edpulos que lloran la muerte dolorosa y tr\u00e1gica de Jes\u00fas en la cruz. Se han juntado para ayudarse a sobrellevar el momento\u201d<\/em>.<\/p>\n\n\n\n<p>El Obispo de Quilmes comparti\u00f3 que&nbsp;<em>\u201cde ahora en m\u00e1s, ya no estar\u00e1 Francisco hablando desde la C\u00e1tedra de Pedro en Roma. Nosotros tenemos la misi\u00f3n de testimoniarlo. [\u2026] La fuerza del testimonio es la que seguir\u00e1 vigente y seguir\u00e1 transformando corazones. El legado de Francisco nos ayudar\u00e1 cada d\u00eda, nos motivar\u00e1 para ser testigos de la Resurrecci\u00f3n de Cristo, como \u00e9l lo fue\u201d<\/em><\/p>\n\n\n\n<p>Durante la misa del Domingo de la Misericordia, Monse\u00f1or Tissera record\u00f3 varios pasajes de una homil\u00eda del Papa Francisco, de la Exhortaci\u00f3n apost\u00f3lica Evangelii Gaudium y de la Carta Enc\u00edclica \u201cDilexit nos\u201d, y expres\u00f3 que&nbsp;<em>\u201c(Francisco) seguir\u00e1 andando en medio nuestro, de una manera diferente, misteriosa. Sus gestos y ense\u00f1anzas nos movilizar\u00e1n para verlo presente junto a los ni\u00f1os que sufren las injusticias, al lado del que pide ayuda en una esquina; en las personas que revuelven la basura buscando qu\u00e9 comer; lo encontraremos durmiendo en la calle junto a esa familia sin techo y sin trabajo; lo veremos sentado o caminando con los carreros juntando chatarra para comprar el pan para la casa; a lo veremos presente en los hogares de recuperaci\u00f3n de personas adictas, la mayor\u00eda j\u00f3venes; all\u00ed estar\u00e1 visitando y qued\u00e1ndose con los presos en las c\u00e1rceles; su esp\u00edritu estar\u00e1 presente en los millones de hombres y mujeres de pueblos enteros que sufren guerra y persecuci\u00f3n. Se ha callado una voz en la C\u00e1tedra de Pedro, pero misteriosamente, esa voz seguir\u00e1 sonando desde el pueblo sediento de justicia y de paz\u201d.<\/em><\/p>\n\n\n\n<p>El Padre Obispo Eduardo Redondo, Auxiliar de la Di\u00f3cesis de Quilmes, dedic\u00f3 unas palabras al Papa Francisco que&nbsp;<em>\u201crevolucion\u00f3 la Iglesia y al mundo entero\u201d<\/em>, que&nbsp;<em>\u201cnos cambi\u00f3 la vida, que nos cambi\u00f3 el coraz\u00f3n\u201d<\/em>. Resalt\u00f3&nbsp;<em>\u201csu obsesi\u00f3n por la paz, por una iglesia diferente que est\u00e9 al servicio\u201d<\/em>&nbsp;y mencion\u00f3 que el Papa fue una persona que&nbsp;<em>\u201cnos invit\u00f3 a caminar juntos, que es querer, luchar y trabajar para vivir la gracia por una patria de hermanos\u201d<\/em>.<\/p>\n\n\n\n<p>La Catedral de Quilmes estuvo colmada, al igual que el lunes 21 -d\u00eda de su fallecimiento-, cuando el pueblo de la di\u00f3cesis se congreg\u00f3 para rezar por el Papa Francisco, como tantas veces lo pidi\u00f3.<\/p>\n","protected":false},"excerpt":{"rendered":"<p>La Di\u00f3cesis<\/p>\n","protected":false},"author":1,"featured_media":56397,"comment_status":"closed","ping_status":"closed","sticky":false,"template":"","format":"standard","meta":{"footnotes":""},"categories":[2],"tags":[],"class_list":["post-56396","post","type-post","status-publish","format-standard","has-post-thumbnail","hentry","category-quilmes"],"_links":{"self":[{"href":"https:\/\/panoramadelsur.com.ar\/index.php?rest_route=\/wp\/v2\/posts\/56396","targetHints":{"allow":["GET"]}}],"collection":[{"href":"https:\/\/panoramadelsur.com.ar\/index.php?rest_route=\/wp\/v2\/posts"}],"about":[{"href":"https:\/\/panoramadelsur.com.ar\/index.php?rest_route=\/wp\/v2\/types\/post"}],"author":[{"embeddable":true,"href":"https:\/\/panoramadelsur.com.ar\/index.php?rest_route=\/wp\/v2\/users\/1"}],"replies":[{"embeddable":true,"href":"https:\/\/panoramadelsur.com.ar\/index.php?rest_route=%2Fwp%2Fv2%2Fcomments&post=56396"}],"version-history":[{"count":1,"href":"https:\/\/panoramadelsur.com.ar\/index.php?rest_route=\/wp\/v2\/posts\/56396\/revisions"}],"predecessor-version":[{"id":56398,"href":"https:\/\/panoramadelsur.com.ar\/index.php?rest_route=\/wp\/v2\/posts\/56396\/revisions\/56398"}],"wp:featuredmedia":[{"embeddable":true,"href":"https:\/\/panoramadelsur.com.ar\/index.php?rest_route=\/wp\/v2\/media\/56397"}],"wp:attachment":[{"href":"https:\/\/panoramadelsur.com.ar\/index.php?rest_route=%2Fwp%2Fv2%2Fmedia&parent=56396"}],"wp:term":[{"taxonomy":"category","embeddable":true,"href":"https:\/\/panoramadelsur.com.ar\/index.php?rest_route=%2Fwp%2Fv2%2Fcategories&post=56396"},{"taxonomy":"post_tag","embeddable":true,"href":"https:\/\/panoramadelsur.com.ar\/index.php?rest_route=%2Fwp%2Fv2%2Ftags&post=56396"}],"curies":[{"name":"wp","href":"https:\/\/api.w.org\/{rel}","templated":true}]}}