{"id":56414,"date":"2025-04-28T01:08:00","date_gmt":"2025-04-28T04:08:00","guid":{"rendered":"https:\/\/panoramadelsur.com.ar\/?p=56414"},"modified":"2025-04-27T18:37:13","modified_gmt":"2025-04-27T21:37:13","slug":"mayra-compartio-un-desayuno-con-comerciantes-de-quilmes-y-entrego-certificados-de-habilitacion","status":"publish","type":"post","link":"https:\/\/panoramadelsur.com.ar\/?p=56414","title":{"rendered":"MAYRA COMPARTI\u00d3 UN DESAYUNO CON COMERCIANTES DE QUILMES Y ENTREG\u00d3 CERTIFICADOS DE HABILITACI\u00d3N"},"content":{"rendered":"\n<p>La intendenta de Quilmes, Mayra Mendoza, particip\u00f3 el viernes de un desayuno con comerciantes de diversos rubros del distrito, con el objetivo de continuar acompa\u00f1ando, fortaleciendo y acercando herramientas a los comercios para que potencien su actividad. En el encuentro, que se llev\u00f3 a cabo en el restaurante Social Pizza, ubicado en la calle Brown 399, del centro de la ciudad, se entregaron certificados de habilitaci\u00f3n y se adhirieron nuevos comercios al Programa de Beneficios \u201cSomos Quilmes\u201d.<\/p>\n\n\n\n<p>\u201cCompartimos un desayuno con comerciantes de Quilmes, entregamos certificados de habilitaci\u00f3n y conversamos sobre el presente del sector, las herramientas que ofrecemos desde el Municipio, compartimos carteler\u00eda, informaci\u00f3n y los proyectos que impulsamos para seguir fortaleciendo la actividad en la ciudad. En este contexto dif\u00edcil, con un ajuste que golpea fuerte al bolsillo y al consumo local, es fundamental que nos mantengamos unidos y creativos para seguir acompa\u00f1ando a quienes invierten, generan trabajo y apuestan todos los d\u00edas a salir adelante\u201d, sostuvo Mayra, que estuvo acompa\u00f1ada por el secretario de la Agencia de Fiscalizaci\u00f3n, Control y Desarrollo Econ\u00f3mico, Juli\u00e1n Bellido.<\/p>\n\n\n\n<p>El encuentro tuvo como fin reconocer el esfuerzo de quienes invierten y generan trabajo en la ciudad. Durante la reuni\u00f3n se habl\u00f3 de continuar promoviendo el Programa \u201cSomos Quilmes\u201d como herramienta de incentivo al consumo local y fomento de una red de beneficios entre vecinos y comerciantes.<\/p>\n\n\n\n<p>Por parte de los comercios que recibieron su certificado de habilitaci\u00f3n estuvieron presentes Oscar S\u00e1nchez, de Walium Jeans (venta de indumentaria); Gabriel Santobuono, de Gastromundo (venta de electrodom\u00e9sticos gastron\u00f3micos); Adri\u00e1n Gandolfo, de Del Arca Bot\u00e1nica (centro de est\u00e9tica); Dami\u00e1n Olivera y Adri\u00e1n Canosa, de Missouri Automotores (agencia de Automotores Usados); Alejandro Martino y Braian Silva, de Omoro (casa de comida japonesa); Leonardo Dur\u00e9, de LPDB (forrajeria); Gianluca, Danisa y Luciano Copani, de Burger Taster (gastron\u00f3mico), y Ariel D&#8217;Amelia de Tutti Frutti (sal\u00f3n de fiestas infantiles).<\/p>\n\n\n\n<p>Los comerciantes coincidieron en destacar la agilidad en el tr\u00e1mite de la habilitaci\u00f3n y la importancia de que, desde el Municipio, los convoquen a este tipo de encuentros donde pueden dialogar sobre diversos temas de inter\u00e9s para el sector y llegar a acuerdos. \u201cMe parece excelente este acercamiento para ver cu\u00e1les son las inquietudes de quienes habitamos Quilmes y c\u00f3mo podemos seguir mejorando\u201d, indic\u00f3 Gabriel Santobuono.<\/p>\n\n\n\n<p>Participaron de la reuni\u00f3n el subsecretario de Fiscalizaci\u00f3n y Habilitaciones, Nicol\u00e1s Van Oostveldt; las y los directores de Promoci\u00f3n de Desarrollo Local, Ariel Patricio Dom\u00ednguez; de Econom\u00eda Social, Acci\u00f3n Cooperativa y Empleo, Franco Bogado; de Habilitaciones, Cecilia Pereira, y de Tr\u00e1nsito, Noelia Arg\u00fcello; y el vicepresidente 1\u00ba del Honorable Concejo Deliberante local, Federico D\u02bcAngelo.<\/p>\n","protected":false},"excerpt":{"rendered":"<p>La intendenta<\/p>\n","protected":false},"author":1,"featured_media":56415,"comment_status":"closed","ping_status":"closed","sticky":false,"template":"","format":"standard","meta":{"footnotes":""},"categories":[2],"tags":[],"class_list":["post-56414","post","type-post","status-publish","format-standard","has-post-thumbnail","hentry","category-quilmes"],"_links":{"self":[{"href":"https:\/\/panoramadelsur.com.ar\/index.php?rest_route=\/wp\/v2\/posts\/56414","targetHints":{"allow":["GET"]}}],"collection":[{"href":"https:\/\/panoramadelsur.com.ar\/index.php?rest_route=\/wp\/v2\/posts"}],"about":[{"href":"https:\/\/panoramadelsur.com.ar\/index.php?rest_route=\/wp\/v2\/types\/post"}],"author":[{"embeddable":true,"href":"https:\/\/panoramadelsur.com.ar\/index.php?rest_route=\/wp\/v2\/users\/1"}],"replies":[{"embeddable":true,"href":"https:\/\/panoramadelsur.com.ar\/index.php?rest_route=%2Fwp%2Fv2%2Fcomments&post=56414"}],"version-history":[{"count":1,"href":"https:\/\/panoramadelsur.com.ar\/index.php?rest_route=\/wp\/v2\/posts\/56414\/revisions"}],"predecessor-version":[{"id":56416,"href":"https:\/\/panoramadelsur.com.ar\/index.php?rest_route=\/wp\/v2\/posts\/56414\/revisions\/56416"}],"wp:featuredmedia":[{"embeddable":true,"href":"https:\/\/panoramadelsur.com.ar\/index.php?rest_route=\/wp\/v2\/media\/56415"}],"wp:attachment":[{"href":"https:\/\/panoramadelsur.com.ar\/index.php?rest_route=%2Fwp%2Fv2%2Fmedia&parent=56414"}],"wp:term":[{"taxonomy":"category","embeddable":true,"href":"https:\/\/panoramadelsur.com.ar\/index.php?rest_route=%2Fwp%2Fv2%2Fcategories&post=56414"},{"taxonomy":"post_tag","embeddable":true,"href":"https:\/\/panoramadelsur.com.ar\/index.php?rest_route=%2Fwp%2Fv2%2Ftags&post=56414"}],"curies":[{"name":"wp","href":"https:\/\/api.w.org\/{rel}","templated":true}]}}