{"id":56420,"date":"2025-04-28T01:08:00","date_gmt":"2025-04-28T04:08:00","guid":{"rendered":"https:\/\/panoramadelsur.com.ar\/?p=56420"},"modified":"2025-04-27T19:06:18","modified_gmt":"2025-04-27T22:06:18","slug":"eliminacion-del-cibu-es-un-golpe-a-la-maquinaria-agricola-y-los-astilleros","status":"publish","type":"post","link":"https:\/\/panoramadelsur.com.ar\/?p=56420","title":{"rendered":"ELIMINACI\u00d3N DEL CIBU: \u00abES UN GOLPE A LA MAQUINARIA AGR\u00cdCOLA Y LOS ASTILLEROS\u00bb"},"content":{"rendered":"\n<p>El ministro de Desarrollo Agrario bonaerense, Javier Rodr\u00edguez, mantuvo di\u00e1logo con representantes de astilleros y fabricantes de maquinaria agr\u00edcola. Asimismo, particip\u00f3 de un encuentro con empresarios agroindustriales nucleados en la C\u00e1mara de Comercio de los Estados Unidos en Argentina (AmCham). En todos ellos, expres\u00f3 fuertes cr\u00edticas a la reciente flexibilizaci\u00f3n del ingreso de bienes de capital usados al pa\u00eds.<\/p>\n\n\n\n<p>El ministro recogi\u00f3 las inquietudes en torno a la eliminaci\u00f3n del Certificado de Importaci\u00f3n de Bienes Usados (CIBU), una medida que habilita la entrada de maquinaria agr\u00edcola y equipamiento usado sin mayores restricciones. \u201cLa eliminaci\u00f3n del CIBU es un golpe tremendo a la industria de maquinaria agr\u00edcola y a los astilleros bonaerenses\u201d, advirti\u00f3 Javier Rodr\u00edguez, visiblemente preocupado por el impacto que la normativa puede tener sobre la industria nacional.<\/p>\n\n\n\n<p>Adem\u00e1s de se\u00f1alar el perjuicio para la producci\u00f3n local, el funcionario bonaerense puso el foco en los riesgos que implica esta apertura y la falta de control desde el punto de vista sanitario y de seguridad: \u201cLa maquinaria agr\u00edcola podr\u00eda ingresar con residuos de cultivos de otros pa\u00edses\u201d, alert\u00f3.<\/p>\n\n\n\n<p>La cr\u00edtica no se limit\u00f3 a este punto. Javier Rodr\u00edguez cuestion\u00f3 de manera m\u00e1s amplia la estrategia de apertura comercial indiscriminada impulsada por el gobierno de Milei: \u201cAcerca de este tema hay una sobreideologizaci\u00f3n del gobierno; que adem\u00e1s est\u00e1 completamente a contramano del mundo. Todos protegen, pero en Argentina estamos abriendo indiscriminadamente sin cuidar el trabajo nacional\u201d. Y asegur\u00f3: \u00abAlgo que qued\u00f3 claro de los distintos dialogos mantenidos, es que estas empresas est\u00e1n pensando en c\u00f3mo sostenerse, y por supuesto han descartado todo plan de inversi\u00f3n productiva\u00bb<\/p>\n\n\n\n<p>El ministro tambi\u00e9n sostuvo que la preocupaci\u00f3n no es un hecho aislado, sino que se replica en distintos sectores productivos del pa\u00eds: \u201cEsto que inquieta a las empresas, a los fabricantes de maquinarias y a los astilleros, est\u00e1 alineado con la misma preocupaci\u00f3n que venimos recibiendo en encuentros con otros representantes\u201d.<\/p>\n\n\n\n<p>El escenario se agrava, seg\u00fan Javier Rodr\u00edguez, por un mercado interno deprimido y la falta de sensibilidad del Ejecutivo Nacional ante las necesidades de los sectores productivos: \u201cEl Gobierno Nacional no est\u00e1 mirando lo que necesita el sector productivo. Todas las necesidades, los pedidos, quedan postergados en espera de una mejora econ\u00f3mica; pero eso no se va a dar si los sectores productivos no son acompa\u00f1ados\u201d, sentenci\u00f3. &nbsp;Y concluy\u00f3 con una advertencia: \u201cCuando el clima acompa\u00f1a, pero igual se reduce la superficie sembrada, hay que prender una alarma\u201d.<\/p>\n","protected":false},"excerpt":{"rendered":"<p>El ministro<\/p>\n","protected":false},"author":1,"featured_media":56421,"comment_status":"closed","ping_status":"closed","sticky":false,"template":"","format":"standard","meta":{"footnotes":""},"categories":[5],"tags":[],"class_list":["post-56420","post","type-post","status-publish","format-standard","has-post-thumbnail","hentry","category-provincia"],"_links":{"self":[{"href":"https:\/\/panoramadelsur.com.ar\/index.php?rest_route=\/wp\/v2\/posts\/56420","targetHints":{"allow":["GET"]}}],"collection":[{"href":"https:\/\/panoramadelsur.com.ar\/index.php?rest_route=\/wp\/v2\/posts"}],"about":[{"href":"https:\/\/panoramadelsur.com.ar\/index.php?rest_route=\/wp\/v2\/types\/post"}],"author":[{"embeddable":true,"href":"https:\/\/panoramadelsur.com.ar\/index.php?rest_route=\/wp\/v2\/users\/1"}],"replies":[{"embeddable":true,"href":"https:\/\/panoramadelsur.com.ar\/index.php?rest_route=%2Fwp%2Fv2%2Fcomments&post=56420"}],"version-history":[{"count":1,"href":"https:\/\/panoramadelsur.com.ar\/index.php?rest_route=\/wp\/v2\/posts\/56420\/revisions"}],"predecessor-version":[{"id":56422,"href":"https:\/\/panoramadelsur.com.ar\/index.php?rest_route=\/wp\/v2\/posts\/56420\/revisions\/56422"}],"wp:featuredmedia":[{"embeddable":true,"href":"https:\/\/panoramadelsur.com.ar\/index.php?rest_route=\/wp\/v2\/media\/56421"}],"wp:attachment":[{"href":"https:\/\/panoramadelsur.com.ar\/index.php?rest_route=%2Fwp%2Fv2%2Fmedia&parent=56420"}],"wp:term":[{"taxonomy":"category","embeddable":true,"href":"https:\/\/panoramadelsur.com.ar\/index.php?rest_route=%2Fwp%2Fv2%2Fcategories&post=56420"},{"taxonomy":"post_tag","embeddable":true,"href":"https:\/\/panoramadelsur.com.ar\/index.php?rest_route=%2Fwp%2Fv2%2Ftags&post=56420"}],"curies":[{"name":"wp","href":"https:\/\/api.w.org\/{rel}","templated":true}]}}